{"id":6851,"date":"2025-02-25T10:10:59","date_gmt":"2025-02-25T13:10:59","guid":{"rendered":"https:\/\/nordesteimprensa.com.br\/?p=6851"},"modified":"2025-02-25T10:10:59","modified_gmt":"2025-02-25T13:10:59","slug":"investigado-por-golpes-de-mais-de-r-2-milhoes-no-agronegocio-se-apresenta-a-policia-em-sergipe","status":"publish","type":"post","link":"https:\/\/nordesteimprensa.com.br\/index.php\/2025\/02\/25\/investigado-por-golpes-de-mais-de-r-2-milhoes-no-agronegocio-se-apresenta-a-policia-em-sergipe\/","title":{"rendered":"Investigado por golpes de mais de R$ 2 milh\u00f5es no agroneg\u00f3cio se apresenta \u00e0 pol\u00edcia em Sergipe"},"content":{"rendered":"\n<p>Abel Ant\u00f4nio da Hora Oliveira, investigado por diversos crimes no agroneg\u00f3cio, como estelionato, falsidade ideol\u00f3gica, falsidade documental e adultera\u00e7\u00e3o de agrot\u00f3xicos, se apresentou \u00e0 Pol\u00edcia Civil e segue custodiado no sistema prisional.&nbsp;<\/p>\n\n\n\n<p>A imagem do investigado foi divulgada pela Secretaria da Seguran\u00e7a P\u00fablica h\u00e1 10 dias, quando ele estava sendo procurado e havia em aberto um mandado de pris\u00e3o contra ele, expedido pela Justi\u00e7a do munic\u00edpio de Salgado, que foi cumprido.\u00a0<\/p>\n\n\n\n<p>Segundo o delegado Fernando Melo, Abel Ant\u00f4nio teria aberto diversas empresas fantasmas em nome de &#8216;laranjas&#8217; para aplicar os golpes. Essas empresas seriam utilizadas tanto para a venda clandestina de agrot\u00f3xicos quanto para receber os valores obtidos na comercializa\u00e7\u00e3o fraudulenta de cereais. As v\u00edtimas est\u00e3o localizadas em Sergipe e na Bahia, e o preju\u00edzo estimado \u00e9 superior a R$ 2 milh\u00f5es.&nbsp;<\/p>\n\n\n\n<p>A defesa do investigado foi procurada e informou que ele se apresentou espontaneamente e, durante a audi\u00eancia de cust\u00f3dia, j\u00e1 foi solicitada a soltura de Abel, mas ainda n\u00e3o h\u00e1 decis\u00e3o sobre esse pedido de liberdade, j\u00e1 que o Minist\u00e9rio P\u00fablico pediu um prazo de cinco dias para se manifestar.\u00a0<br><\/p>\n\n\n\n<p>Fonte: G1<\/p>\n","protected":false},"excerpt":{"rendered":"<p>Abel Ant\u00f4nio da Hora Oliveira, investigado por diversos crimes no agroneg\u00f3cio, como estelionato, falsidade ideol\u00f3gica, falsidade documental e adultera\u00e7\u00e3o de agrot\u00f3xicos, se apresentou \u00e0 Pol\u00edcia Civil e segue custodiado no sistema prisional.&nbsp; A imagem do investigado foi divulgada pela Secretaria da Seguran\u00e7a P\u00fablica h\u00e1 10 dias, quando ele estava sendo procurado e havia em aberto [&hellip;]<\/p>\n","protected":false},"author":6,"featured_media":6852,"comment_status":"open","ping_status":"open","sticky":false,"template":"","format":"standard","meta":{"footnotes":""},"categories":[10],"tags":[],"class_list":{"0":"post-6851","1":"post","2":"type-post","3":"status-publish","4":"format-standard","5":"has-post-thumbnail","7":"category-theme-features"},"_links":{"self":[{"href":"https:\/\/nordesteimprensa.com.br\/index.php\/wp-json\/wp\/v2\/posts\/6851","targetHints":{"allow":["GET"]}}],"collection":[{"href":"https:\/\/nordesteimprensa.com.br\/index.php\/wp-json\/wp\/v2\/posts"}],"about":[{"href":"https:\/\/nordesteimprensa.com.br\/index.php\/wp-json\/wp\/v2\/types\/post"}],"author":[{"embeddable":true,"href":"https:\/\/nordesteimprensa.com.br\/index.php\/wp-json\/wp\/v2\/users\/6"}],"replies":[{"embeddable":true,"href":"https:\/\/nordesteimprensa.com.br\/index.php\/wp-json\/wp\/v2\/comments?post=6851"}],"version-history":[{"count":1,"href":"https:\/\/nordesteimprensa.com.br\/index.php\/wp-json\/wp\/v2\/posts\/6851\/revisions"}],"predecessor-version":[{"id":6853,"href":"https:\/\/nordesteimprensa.com.br\/index.php\/wp-json\/wp\/v2\/posts\/6851\/revisions\/6853"}],"wp:featuredmedia":[{"embeddable":true,"href":"https:\/\/nordesteimprensa.com.br\/index.php\/wp-json\/wp\/v2\/media\/6852"}],"wp:attachment":[{"href":"https:\/\/nordesteimprensa.com.br\/index.php\/wp-json\/wp\/v2\/media?parent=6851"}],"wp:term":[{"taxonomy":"category","embeddable":true,"href":"https:\/\/nordesteimprensa.com.br\/index.php\/wp-json\/wp\/v2\/categories?post=6851"},{"taxonomy":"post_tag","embeddable":true,"href":"https:\/\/nordesteimprensa.com.br\/index.php\/wp-json\/wp\/v2\/tags?post=6851"}],"curies":[{"name":"wp","href":"https:\/\/api.w.org\/{rel}","templated":true}]}}