{"id":6854,"date":"2025-02-26T13:46:09","date_gmt":"2025-02-26T16:46:09","guid":{"rendered":"https:\/\/nordesteimprensa.com.br\/?p=6854"},"modified":"2025-02-26T13:46:09","modified_gmt":"2025-02-26T16:46:09","slug":"suspeito-de-perseguir-e-ameacar-criancas-e-preso-em-neopolis","status":"publish","type":"post","link":"https:\/\/nordesteimprensa.com.br\/index.php\/2025\/02\/26\/suspeito-de-perseguir-e-ameacar-criancas-e-preso-em-neopolis\/","title":{"rendered":"Suspeito de perseguir e amea\u00e7ar crian\u00e7as \u00e9 preso em Ne\u00f3polis"},"content":{"rendered":"\n<p>Um homem foi preso em flagrante nessa \u00faltima ter\u00e7a-feira, 25, suspeito de amea\u00e7ar e perseguir crian\u00e7as no povoado Vila Oper\u00e1ria da Passagem, na cidade de Ne\u00f3polis.&nbsp;<\/p>\n\n\n\n<p>Segundo a Pol\u00edcia Civil, ap\u00f3s den\u00fancias de que crian\u00e7as do povoado estariam em perigo, os policiais realizaram buscas e conseguiram localizar e prender o suspeito.<\/p>\n\n\n\n<p>\u201cO fato foi confirmado por uma testemunha, que relatou que, pelo menos por tr\u00eas vezes, essas crian\u00e7as vinham sendo perseguidas e amea\u00e7adas\u201d, explicou o delegado Kherton Rafael.<\/p>\n\n\n\n<p>Diante da situa\u00e7\u00e3o, o homem foi conduzido \u00e0 delegacia e autuado em flagrante. As investiga\u00e7\u00f5es seguem em andamento.<\/p>\n\n\n\n<p>Fonte: Fanf1<\/p>\n","protected":false},"excerpt":{"rendered":"<p>Um homem foi preso em flagrante nessa \u00faltima ter\u00e7a-feira, 25, suspeito de amea\u00e7ar e perseguir crian\u00e7as no povoado Vila Oper\u00e1ria da Passagem, na cidade de Ne\u00f3polis.&nbsp; Segundo a Pol\u00edcia Civil, ap\u00f3s den\u00fancias de que crian\u00e7as do povoado estariam em perigo, os policiais realizaram buscas e conseguiram localizar e prender o suspeito. \u201cO fato foi confirmado [&hellip;]<\/p>\n","protected":false},"author":6,"featured_media":6855,"comment_status":"open","ping_status":"open","sticky":false,"template":"","format":"standard","meta":{"footnotes":""},"categories":[10],"tags":[],"class_list":{"0":"post-6854","1":"post","2":"type-post","3":"status-publish","4":"format-standard","5":"has-post-thumbnail","7":"category-theme-features"},"_links":{"self":[{"href":"https:\/\/nordesteimprensa.com.br\/index.php\/wp-json\/wp\/v2\/posts\/6854","targetHints":{"allow":["GET"]}}],"collection":[{"href":"https:\/\/nordesteimprensa.com.br\/index.php\/wp-json\/wp\/v2\/posts"}],"about":[{"href":"https:\/\/nordesteimprensa.com.br\/index.php\/wp-json\/wp\/v2\/types\/post"}],"author":[{"embeddable":true,"href":"https:\/\/nordesteimprensa.com.br\/index.php\/wp-json\/wp\/v2\/users\/6"}],"replies":[{"embeddable":true,"href":"https:\/\/nordesteimprensa.com.br\/index.php\/wp-json\/wp\/v2\/comments?post=6854"}],"version-history":[{"count":1,"href":"https:\/\/nordesteimprensa.com.br\/index.php\/wp-json\/wp\/v2\/posts\/6854\/revisions"}],"predecessor-version":[{"id":6856,"href":"https:\/\/nordesteimprensa.com.br\/index.php\/wp-json\/wp\/v2\/posts\/6854\/revisions\/6856"}],"wp:featuredmedia":[{"embeddable":true,"href":"https:\/\/nordesteimprensa.com.br\/index.php\/wp-json\/wp\/v2\/media\/6855"}],"wp:attachment":[{"href":"https:\/\/nordesteimprensa.com.br\/index.php\/wp-json\/wp\/v2\/media?parent=6854"}],"wp:term":[{"taxonomy":"category","embeddable":true,"href":"https:\/\/nordesteimprensa.com.br\/index.php\/wp-json\/wp\/v2\/categories?post=6854"},{"taxonomy":"post_tag","embeddable":true,"href":"https:\/\/nordesteimprensa.com.br\/index.php\/wp-json\/wp\/v2\/tags?post=6854"}],"curies":[{"name":"wp","href":"https:\/\/api.w.org\/{rel}","templated":true}]}}