{"id":6861,"date":"2025-02-26T18:40:18","date_gmt":"2025-02-26T21:40:18","guid":{"rendered":"https:\/\/nordesteimprensa.com.br\/?p=6861"},"modified":"2025-02-26T18:40:19","modified_gmt":"2025-02-26T21:40:19","slug":"somos-o-governo-dos-concursos-diz-fabio-mitidieri-sobre-novo-certame","status":"publish","type":"post","link":"https:\/\/nordesteimprensa.com.br\/index.php\/2025\/02\/26\/somos-o-governo-dos-concursos-diz-fabio-mitidieri-sobre-novo-certame\/","title":{"rendered":"&#8220;Somos o governo dos concursos&#8221;, diz F\u00e1bio Mitidieri sobre novo certame"},"content":{"rendered":"\n<p>O governador F\u00e1bio Mitidieri (PSD) reafirmou mais uma vez o compromisso de seu governo com a realiza\u00e7\u00e3o de concursos p\u00fablicos, destacando a import\u00e2ncia da sele\u00e7\u00e3o para o cargo de Especialista em Pol\u00edticas P\u00fablicas e Gest\u00e3o Governamental (EPPGG).<\/p>\n\n\n\n<p>O concurso, que foi anunciado oficialmente no Di\u00e1rio Oficial desta quarta-feira, 26, oferece sete vagas para profissionais que ir\u00e3o atuar na formula\u00e7\u00e3o e implementa\u00e7\u00e3o de estrat\u00e9gias voltadas ao desenvolvimento do Estado.<\/p>\n\n\n\n<p>Segundo o governador, a sele\u00e7\u00e3o representa uma grande oportunidade para os concurseiros que desejam fazer parte do quadro de servidores do governo estadual. &#8220;Somos o governo dos concursos e trazemos mais um, que \u00e9 o de gestor p\u00fablico. \u00c9 uma grande oportunidade para os concurseiros que est\u00e3o se preparando para fazer parte dos nossos quadros&#8221;, afirmou Mitidieri.<\/p>\n\n\n\n<p>O concurso contar\u00e1 com inscri\u00e7\u00f5es abertas entre os dias 10 de mar\u00e7o e 14 de abril, com a taxa fixada em R$ 190. Para aqueles que desejarem solicitar isen\u00e7\u00e3o da taxa, o per\u00edodo de solicita\u00e7\u00e3o ser\u00e1 entre os dias 10 e 12 de mar\u00e7o. A prova objetiva est\u00e1 prevista para o dia 8 de junho de 2025.<\/p>\n","protected":false},"excerpt":{"rendered":"<p>O governador F\u00e1bio Mitidieri (PSD) reafirmou mais uma vez o compromisso de seu governo com a realiza\u00e7\u00e3o de concursos p\u00fablicos, destacando a import\u00e2ncia da sele\u00e7\u00e3o para o cargo de Especialista em Pol\u00edticas P\u00fablicas e Gest\u00e3o Governamental (EPPGG). O concurso, que foi anunciado oficialmente no Di\u00e1rio Oficial desta quarta-feira, 26, oferece sete vagas para profissionais que [&hellip;]<\/p>\n","protected":false},"author":6,"featured_media":6862,"comment_status":"open","ping_status":"open","sticky":false,"template":"","format":"standard","meta":{"footnotes":""},"categories":[10],"tags":[],"class_list":{"0":"post-6861","1":"post","2":"type-post","3":"status-publish","4":"format-standard","5":"has-post-thumbnail","7":"category-theme-features"},"_links":{"self":[{"href":"https:\/\/nordesteimprensa.com.br\/index.php\/wp-json\/wp\/v2\/posts\/6861","targetHints":{"allow":["GET"]}}],"collection":[{"href":"https:\/\/nordesteimprensa.com.br\/index.php\/wp-json\/wp\/v2\/posts"}],"about":[{"href":"https:\/\/nordesteimprensa.com.br\/index.php\/wp-json\/wp\/v2\/types\/post"}],"author":[{"embeddable":true,"href":"https:\/\/nordesteimprensa.com.br\/index.php\/wp-json\/wp\/v2\/users\/6"}],"replies":[{"embeddable":true,"href":"https:\/\/nordesteimprensa.com.br\/index.php\/wp-json\/wp\/v2\/comments?post=6861"}],"version-history":[{"count":1,"href":"https:\/\/nordesteimprensa.com.br\/index.php\/wp-json\/wp\/v2\/posts\/6861\/revisions"}],"predecessor-version":[{"id":6863,"href":"https:\/\/nordesteimprensa.com.br\/index.php\/wp-json\/wp\/v2\/posts\/6861\/revisions\/6863"}],"wp:featuredmedia":[{"embeddable":true,"href":"https:\/\/nordesteimprensa.com.br\/index.php\/wp-json\/wp\/v2\/media\/6862"}],"wp:attachment":[{"href":"https:\/\/nordesteimprensa.com.br\/index.php\/wp-json\/wp\/v2\/media?parent=6861"}],"wp:term":[{"taxonomy":"category","embeddable":true,"href":"https:\/\/nordesteimprensa.com.br\/index.php\/wp-json\/wp\/v2\/categories?post=6861"},{"taxonomy":"post_tag","embeddable":true,"href":"https:\/\/nordesteimprensa.com.br\/index.php\/wp-json\/wp\/v2\/tags?post=6861"}],"curies":[{"name":"wp","href":"https:\/\/api.w.org\/{rel}","templated":true}]}}