{"id":6869,"date":"2025-02-27T11:03:26","date_gmt":"2025-02-27T14:03:26","guid":{"rendered":"https:\/\/nordesteimprensa.com.br\/?p=6869"},"modified":"2025-02-27T11:03:26","modified_gmt":"2025-02-27T14:03:26","slug":"verao-sergipe-fecha-edicao-de-2025-com-tres-dias-de-festa-no-abais-confira-a-programacao","status":"publish","type":"post","link":"https:\/\/nordesteimprensa.com.br\/index.php\/2025\/02\/27\/verao-sergipe-fecha-edicao-de-2025-com-tres-dias-de-festa-no-abais-confira-a-programacao\/","title":{"rendered":"Ver\u00e3o Sergipe fecha edi\u00e7\u00e3o de 2025 com tr\u00eas dias de festa no Aba\u00eds; Confira a programa\u00e7\u00e3o"},"content":{"rendered":"\n<p>O Ver\u00e3o Sergipe 2025 chega \u00e0 sua \u00faltima etapa neste fim de semana, encerrando uma temporada de grandes shows, programa\u00e7\u00f5es esportivas e celebra\u00e7\u00e3o da cultura sergipana. O destino final do festival \u00e9 a Praia do Aba\u00eds, em Est\u00e2ncia, no sul sergipano, ap\u00f3s percorrer diversas localidades do estado, incluindo Canind\u00e9 de S\u00e3o Francisco, Pacatuba, Pirambu, Barra dos Coqueiros e Praia da Caueira, em Itaporanga d\u2019Ajuda.<\/p>\n\n\n\n<p><a href=\"https:\/\/imagens.f5news.com.br\/arquivos\/2025\/02\/deivinho-novaes-foto_951161740662056.jpeg\"><\/a>Diego Souza<\/p>\n\n\n\n<p>Devido ao Carnaval, a programa\u00e7\u00e3o desta etapa \u00e9 diferenciada das anteriores, com shows no s\u00e1bado (1\u00ba), domingo (2) e segunda-feira (3). No s\u00e1bado, o evento come\u00e7a mais cedo, \u00e0s 15h, com um arrast\u00e3o comandado pelo cantor Nona, seguido pelo grupo baiano Parangol\u00e9, que anima o p\u00fablico a partir das 17h. \u00c0 noite a programa\u00e7\u00e3o continua no palco do Ver\u00e3o Sergipe com Dioguinho, \u00e0s 19h, Alisson Lima, \u00e0s 21h, e Filhos da Bahia, \u00e0s 23h. O cantor sergipano Devinho Novaes sobe ao palco \u00e0 1h, e Tuka Velloz encerra a noite, a partir das 3h.<\/p>\n\n\n\n<p>No domingo a programa\u00e7\u00e3o musical come\u00e7a \u00e0s 21h, com Vitinho Soares. Em seguida, Vina Calmon, ex-vocalista da banda Cheiro de Amor, promete animar o p\u00fablico com ritmos que marcaram suas passagens pela banda, como arrocha, ax\u00e9 e forr\u00f3 eletr\u00f4nico. A festa continua com Guig Ghetto, 1h, e Marcelo Balla, \u00e0s 3h.&nbsp;<\/p>\n\n\n\n<p>O \u00faltimo dia do festival, na segunda-feira, tamb\u00e9m inicia \u00e0s 21h, com Xicabanda, seguida pelo cantor sergipano Luanzinho Moraes, \u00e0s 23h. Logo depois, \u00e0 1h, o ax\u00e9 toma conta do palco com o grande destaque da noite, a banda La F\u00faria. O encerramento do Ver\u00e3o Sergipe 2025 ficar\u00e1 por conta de Luiz Ferraz, \u00e0s 3h.<\/p>\n\n\n\n<p>https:\/\/googleads.g.doubleclick.net\/pagead\/ads?client=ca-pub-9604284893181244&#038;output=html&#038;h=250&#038;slotname=2183801906&#038;adk=3483001887&#038;adf=3262114719&#038;pi=t.ma~as.2183801906&#038;w=300&#038;abgtt=6&#038;lmt=1738002630&#038;format=300&#215;250&#038;url=https%3A%2F%2Fwww.f5news.com.br%2Fentretenimento%2Fverao-sergipe-fecha-edicao-de-2025-com-tres-dias-de-festa-no-abais-confira-a-programacao.html&#038;wgl=1&#038;dt=1740664896229&#038;bpp=1&#038;bdt=811&#038;idt=466&#038;shv=r20250225&#038;mjsv=m202502260101&#038;ptt=9&#038;saldr=aa&#038;abxe=1&#038;cookie=ID%3D1f09fabde87cd1f9%3AT%3D1738236975%3ART%3D1740664888%3AS%3DALNI_MZnTP41GxZit_Z56jmVZrcwh9Hohg&#038;gpic=UID%3D00000fdc100a9aba%3AT%3D1738236975%3ART%3D1740664888%3AS%3DALNI_MaZSJer2jTOlz7rhrqKSH0dEqXU6g&#038;eo_id_str=ID%3D3b62ca3cd8c94392%3AT%3D1738236975%3ART%3D1740664888%3AS%3DAA-AfjZj3SNtzM-WAMze7F4LIDbH&#038;prev_fmts=0x0%2C414x345&#038;nras=1&#038;correlator=8746134346446&#038;frm=20&#038;pv=1&#038;u_tz=-180&#038;u_his=11&#038;u_h=896&#038;u_w=414&#038;u_ah=896&#038;u_aw=414&#038;u_cd=24&#038;u_sd=2&#038;adx=57&#038;ady=2457&#038;biw=414&#038;bih=714&#038;scr_x=0&#038;scr_y=0&#038;eid=31084127%2C31090662%2C95344789%2C31090655%2C95350016&#038;oid=2&#038;pvsid=228893909283553&#038;tmod=208621312&#038;uas=0&#038;nvt=1&#038;ref=https%3A%2F%2Fwww.f5news.com.br%2F&#038;fc=1920&#038;brdim=0%2C0%2C0%2C0%2C414%2C0%2C414%2C896%2C414%2C714&#038;vis=1&#038;rsz=%7C%7CpoeEbr%7C&#038;abl=CS&#038;pfx=0&#038;fu=0&#038;bc=31&#038;bz=1&#038;ifi=3&#038;uci=a!3&#038;btvi=1&#038;fsb=1&#038;dtd=470<\/p>\n\n\n\n<p>Entre os intervalos das apresenta\u00e7\u00f5es do palco, a Tenda Eletr\u00f4nica Banese Card, uma novidade do Ver\u00e3o Sergipe em 2025, oferece uma programa\u00e7\u00e3o composta somente por DJs sergipanos. O espa\u00e7o \u00e9 patrocinado pelo Banese Card e ser\u00e1 montado no centro da \u00e1rea de shows.&nbsp;<\/p>\n\n\n\n<p><strong>Ver\u00e3o Sergipe<\/strong><br>O Ver\u00e3o Sergipe \u00e9 uma realiza\u00e7\u00e3o do Governo do Estado, por meio da Funda\u00e7\u00e3o de Cultura e Arte Aperip\u00ea de Sergipe (Funcap) e Secretaria de Estado da Comunica\u00e7\u00e3o (Secom), com patroc\u00ednio do Banese Card e da Companhia de Saneamento de Sergipe (Deso) e apoio das prefeituras de Pacatuba, Canind\u00e9 de S\u00e3o Francisco, Pirambu, Barra dos Coqueiros, Itaporanga d&#8217;Ajuda e Est\u00e2ncia, Energisa e Eneva.<\/p>\n\n\n\n<p><strong>Confira a programa\u00e7\u00e3o completa:<\/strong><\/p>\n\n\n\n<p>S\u00e1bado (01\/03)<br>15h &#8211; Nona (trio)<br>17h &#8211; Parangol\u00e9 (trio)<br>19h &#8211; Dioguinho<br>21h &#8211; Alisson Lima<br>23h &#8211; Filhos da Bahia<br>1h &#8211; Devinho Novaes<br>3h &#8211; Tuka Velloz<br>&nbsp;<br>Domingo (02\/03)<br>21h &#8211; Vitinho Soares<br>23h &#8211; Vina Calmon<br>1h &#8211; Guig Ghetto<br>3h &#8211; Marcelo Balla<br>&nbsp;<br>Segunda-feira (03\/03)<br>21h &#8211; Xicabanda&nbsp;<br>23h &#8211; Luanzinho Moraes<br>1h &#8211; La F\u00faria<br>3h &#8211; Luiz Ferraz<\/p>\n\n\n\n<p>Tenda Eletr\u00f4nica<\/p>\n\n\n\n<p>S\u00e1bado (01\/03)<br>20h &#8211; DJ Carlos Morais<br>0h30 &#8211; DJ Derick<br>2h30 &#8211; DJ Derick&nbsp;<br>&nbsp;<br>Domingo (02\/03)<br>20h &#8211; DJ Ruy Tabuth<br>22h30 &#8211; DJ Ruy Tabuth<br>2h30h &#8211; DJ Mike Negreiros<br>&nbsp;<br>Segunda-feira (03\/03)<br>20h &#8211; DJ Ikaro<br>22h30 &#8211; DJ Ikaro<br>0h30 &#8211; DJ Laas<br>2h30 &#8211; DJ Laas<\/p>\n\n\n\n<p><em><strong>Fonte: Governo de Sergipe<\/strong><\/em><br>&nbsp;<\/p>\n","protected":false},"excerpt":{"rendered":"<p>O Ver\u00e3o Sergipe 2025 chega \u00e0 sua \u00faltima etapa neste fim de semana, encerrando uma temporada de grandes shows, programa\u00e7\u00f5es esportivas e celebra\u00e7\u00e3o da cultura sergipana. O destino final do festival \u00e9 a Praia do Aba\u00eds, em Est\u00e2ncia, no sul sergipano, ap\u00f3s percorrer diversas localidades do estado, incluindo Canind\u00e9 de S\u00e3o Francisco, Pacatuba, Pirambu, Barra [&hellip;]<\/p>\n","protected":false},"author":6,"featured_media":6870,"comment_status":"open","ping_status":"open","sticky":false,"template":"","format":"standard","meta":{"footnotes":""},"categories":[10],"tags":[],"class_list":{"0":"post-6869","1":"post","2":"type-post","3":"status-publish","4":"format-standard","5":"has-post-thumbnail","7":"category-theme-features"},"_links":{"self":[{"href":"https:\/\/nordesteimprensa.com.br\/index.php\/wp-json\/wp\/v2\/posts\/6869","targetHints":{"allow":["GET"]}}],"collection":[{"href":"https:\/\/nordesteimprensa.com.br\/index.php\/wp-json\/wp\/v2\/posts"}],"about":[{"href":"https:\/\/nordesteimprensa.com.br\/index.php\/wp-json\/wp\/v2\/types\/post"}],"author":[{"embeddable":true,"href":"https:\/\/nordesteimprensa.com.br\/index.php\/wp-json\/wp\/v2\/users\/6"}],"replies":[{"embeddable":true,"href":"https:\/\/nordesteimprensa.com.br\/index.php\/wp-json\/wp\/v2\/comments?post=6869"}],"version-history":[{"count":1,"href":"https:\/\/nordesteimprensa.com.br\/index.php\/wp-json\/wp\/v2\/posts\/6869\/revisions"}],"predecessor-version":[{"id":6871,"href":"https:\/\/nordesteimprensa.com.br\/index.php\/wp-json\/wp\/v2\/posts\/6869\/revisions\/6871"}],"wp:featuredmedia":[{"embeddable":true,"href":"https:\/\/nordesteimprensa.com.br\/index.php\/wp-json\/wp\/v2\/media\/6870"}],"wp:attachment":[{"href":"https:\/\/nordesteimprensa.com.br\/index.php\/wp-json\/wp\/v2\/media?parent=6869"}],"wp:term":[{"taxonomy":"category","embeddable":true,"href":"https:\/\/nordesteimprensa.com.br\/index.php\/wp-json\/wp\/v2\/categories?post=6869"},{"taxonomy":"post_tag","embeddable":true,"href":"https:\/\/nordesteimprensa.com.br\/index.php\/wp-json\/wp\/v2\/tags?post=6869"}],"curies":[{"name":"wp","href":"https:\/\/api.w.org\/{rel}","templated":true}]}}