{"id":6872,"date":"2025-02-28T09:15:03","date_gmt":"2025-02-28T12:15:03","guid":{"rendered":"https:\/\/nordesteimprensa.com.br\/?p=6872"},"modified":"2025-02-28T09:15:03","modified_gmt":"2025-02-28T12:15:03","slug":"confira-a-previsao-do-tempo-em-aracaju-para-esta-sexta-28","status":"publish","type":"post","link":"https:\/\/nordesteimprensa.com.br\/index.php\/2025\/02\/28\/confira-a-previsao-do-tempo-em-aracaju-para-esta-sexta-28\/","title":{"rendered":"Confira a previs\u00e3o do tempo em Aracaju para esta sexta (28)"},"content":{"rendered":"\n<p>Nesta sexta-feira (28), o tempo em Aracaju deve ter c\u00e9u nublado com possibilidade de chuvas. A previs\u00e3o \u00e9 do ClimAju, plataforma meteorol\u00f3gica da Prefeitura da capital sergipana.<\/p>\n\n\n\n<p><a href=\"https:\/\/imagens.f5news.com.br\/arquivos\/2024\/07\/chuva-tempo-sergipe-_923811721150174.jpg\"><\/a>Arthuro Paganini<\/p>\n\n\n\n<p>A possibilidade de chuva \u00e9 considerada alta, com volume previsto de 15 mm. Os ventos devem ficar entre fracos e moderados, com rajadas ocasionais ao longo do dia.<\/p>\n\n\n\n<p>O ClimAju indica ainda que os term\u00f4metros devem oscilar entre 25 \u00b0C e 31 \u00b0C, com umidade relativa do ar m\u00ednima em torno de 65% no per\u00edodo da tarde.\u00a0<br><\/p>\n\n\n\n<p>Fonte: F5news<\/p>\n","protected":false},"excerpt":{"rendered":"<p>Nesta sexta-feira (28), o tempo em Aracaju deve ter c\u00e9u nublado com possibilidade de chuvas. A previs\u00e3o \u00e9 do ClimAju, plataforma meteorol\u00f3gica da Prefeitura da capital sergipana. Arthuro Paganini A possibilidade de chuva \u00e9 considerada alta, com volume previsto de 15 mm. Os ventos devem ficar entre fracos e moderados, com rajadas ocasionais ao longo [&hellip;]<\/p>\n","protected":false},"author":6,"featured_media":6873,"comment_status":"open","ping_status":"open","sticky":false,"template":"","format":"standard","meta":{"footnotes":""},"categories":[10],"tags":[],"class_list":{"0":"post-6872","1":"post","2":"type-post","3":"status-publish","4":"format-standard","5":"has-post-thumbnail","7":"category-theme-features"},"_links":{"self":[{"href":"https:\/\/nordesteimprensa.com.br\/index.php\/wp-json\/wp\/v2\/posts\/6872","targetHints":{"allow":["GET"]}}],"collection":[{"href":"https:\/\/nordesteimprensa.com.br\/index.php\/wp-json\/wp\/v2\/posts"}],"about":[{"href":"https:\/\/nordesteimprensa.com.br\/index.php\/wp-json\/wp\/v2\/types\/post"}],"author":[{"embeddable":true,"href":"https:\/\/nordesteimprensa.com.br\/index.php\/wp-json\/wp\/v2\/users\/6"}],"replies":[{"embeddable":true,"href":"https:\/\/nordesteimprensa.com.br\/index.php\/wp-json\/wp\/v2\/comments?post=6872"}],"version-history":[{"count":1,"href":"https:\/\/nordesteimprensa.com.br\/index.php\/wp-json\/wp\/v2\/posts\/6872\/revisions"}],"predecessor-version":[{"id":6874,"href":"https:\/\/nordesteimprensa.com.br\/index.php\/wp-json\/wp\/v2\/posts\/6872\/revisions\/6874"}],"wp:featuredmedia":[{"embeddable":true,"href":"https:\/\/nordesteimprensa.com.br\/index.php\/wp-json\/wp\/v2\/media\/6873"}],"wp:attachment":[{"href":"https:\/\/nordesteimprensa.com.br\/index.php\/wp-json\/wp\/v2\/media?parent=6872"}],"wp:term":[{"taxonomy":"category","embeddable":true,"href":"https:\/\/nordesteimprensa.com.br\/index.php\/wp-json\/wp\/v2\/categories?post=6872"},{"taxonomy":"post_tag","embeddable":true,"href":"https:\/\/nordesteimprensa.com.br\/index.php\/wp-json\/wp\/v2\/tags?post=6872"}],"curies":[{"name":"wp","href":"https:\/\/api.w.org\/{rel}","templated":true}]}}