{"id":6875,"date":"2025-02-28T09:18:14","date_gmt":"2025-02-28T12:18:14","guid":{"rendered":"https:\/\/nordesteimprensa.com.br\/?p=6875"},"modified":"2025-02-28T09:18:14","modified_gmt":"2025-02-28T12:18:14","slug":"programacao-do-rasgadinho-e-divulgada-com-mais-de-40-atracoes-em-aracaju-confira","status":"publish","type":"post","link":"https:\/\/nordesteimprensa.com.br\/index.php\/2025\/02\/28\/programacao-do-rasgadinho-e-divulgada-com-mais-de-40-atracoes-em-aracaju-confira\/","title":{"rendered":"Programa\u00e7\u00e3o do Rasgadinho \u00e9 divulgada com mais de 40 atra\u00e7\u00f5es em Aracaju; confira"},"content":{"rendered":"\n<figure class=\"wp-block-image\"><img decoding=\"async\" src=\"https:\/\/a8se.com\/static\/images\/close-2.490de74db703.svg\" alt=\"Fechar\"\/><\/figure>\n\n\n\n<h2 class=\"wp-block-heading\"><\/h2>\n\n\n\n<p>Os festejos ocorrer\u00e3o de 1\u00ba a 4 de mar\u00e7o, com cortejos e shows em trios parados no circuito tradicional do bloco<\/p>\n\n\n\n<figure class=\"wp-block-image\"><img decoding=\"async\" src=\"https:\/\/s3.a8se.com\/images\/rasgadinho_2018___fotos_marco_vieira_13.max-770x515.jpg\" alt=\"Programa\u00e7\u00e3o do Rasgadinho \u00e9 divulgada com mais de 40 atra\u00e7\u00f5es em Aracaju; confira\"\/><\/figure>\n\n\n\n<p>A programa\u00e7\u00e3o de um dos maiores e mais aguardados do carnaval, o &#8220;Rasgadinho&#8221;, foi anunciada e promete agitar a cidade de 1\u00ba a 4 de mar\u00e7o de 2025.<\/p>\n\n\n\n<p>Ao todo, 40 atra\u00e7\u00f5es se apresentam nos quatro dias de festa, que ir\u00e3o reunir foli\u00f5es com cortejos e shows em trios parados, mantendo a ess\u00eancia do evento que \u00e9 um dos maiores e mais aguardados do carnaval aracajuano.&nbsp;<\/p>\n\n\n\n<p>Os cortejos seguir\u00e3o o tradicional circuito do bloco, trazendo um desfile animado pelas ruas da cidade, com grupos musicais nacionais e artistas locais se apresentando.&nbsp;<strong>Confira a programa\u00e7\u00e3o completa:<\/strong><\/p>\n\n\n\n<p><strong>S\u00e1bado \u2013 01\/03<\/strong><\/p>\n\n\n\n<p><strong>Cortejos:<\/strong><\/p>\n\n\n\n<p>15:30 \u2013 Gera\u00e7\u00e3o do Frevo<\/p>\n\n\n\n<p>16:00 \u2013 Filhos da Bahia<\/p>\n\n\n\n<p>16:15 \u2013 Dan Chicleteiro<\/p>\n\n\n\n<p>16:30 \u2013 Sergynho Pimenta<\/p>\n\n\n\n<p><strong>Trio Cora\u00e7\u00e3o da Cidade:<\/strong><\/p>\n\n\n\n<p>17:00 \u2013 Banda Esta\u00e7\u00e3o da Luz<\/p>\n\n\n\n<p>19:00 \u2013 Xicabanda<\/p>\n\n\n\n<p>21:00 \u2013 Matheus Silva<\/p>\n\n\n\n<p>23:00 \u2013 Pedro Lua<\/p>\n\n\n\n<p><strong>Trio Forr\u00f3 e Arrocha<\/strong><\/p>\n\n\n\n<p>19:00 \u2013 Larissa Costa<\/p>\n\n\n\n<p>21:00 \u2013 Jailson do Acordeon<\/p>\n\n\n\n<p>23:00 \u2013 Tatah Santana<\/p>\n\n\n\n<p><strong>Domingo \u2013 02\/03<\/strong><\/p>\n\n\n\n<p><strong>Cortejos:<\/strong><\/p>\n\n\n\n<p>15:30 \u2013 Gera\u00e7\u00e3o do Frevo<\/p>\n\n\n\n<p>16:00 \u2013 Vina Calmon<\/p>\n\n\n\n<p>16:15 \u2013 Nane Lessa<\/p>\n\n\n\n<p>16:30 \u2013 Cid Natureza<\/p>\n\n\n\n<p><strong>Trio Cora\u00e7\u00e3o da Cidade:<\/strong><\/p>\n\n\n\n<p>17:00 \u2013 Banda OS3<\/p>\n\n\n\n<p>19:00 \u2013 Maraisa<\/p>\n\n\n\n<p>21:00 \u2013 Gugu Brasil<\/p>\n\n\n\n<p>23:00 \u2013 Ant\u00f4nio Rog\u00e9rio e Chico Queiroga<\/p>\n\n\n\n<p><strong>Trio Forr\u00f3 e Arrocha:<\/strong><\/p>\n\n\n\n<p>19:00 \u2013 Luiz Ferraz<\/p>\n\n\n\n<p>21:00 \u2013 Val Valverde<\/p>\n\n\n\n<p>23:00 \u2013 Vanessa Porto<\/p>\n\n\n\n<p><strong>Segunda-feira \u2013 03\/03<\/strong><\/p>\n\n\n\n<p><strong>Cortejos:<\/strong><\/p>\n\n\n\n<p>15:30 \u2013 Gera\u00e7\u00e3o do Frevo<\/p>\n\n\n\n<p>16:00 \u2013 Maysa Reis<\/p>\n\n\n\n<p>16:15 \u2013 Batukada<\/p>\n\n\n\n<p>16:30 \u2013 Ygor Ranieri<\/p>\n\n\n\n<p><strong>Trio Cora\u00e7\u00e3o da Cidade:<\/strong><\/p>\n\n\n\n<p>17:00 -Jorge Bahia<\/p>\n\n\n\n<p>19:00 \u2013 Art Mania<\/p>\n\n\n\n<p>21:00 \u2013 M\u00e1rcia Freire<\/p>\n\n\n\n<p>23:00 -Franquinho Vaqueiro<\/p>\n\n\n\n<p><strong>Trio Forr\u00f3 e Arrocha:<\/strong><\/p>\n\n\n\n<p>19:00 \u2013 Somos Loucos<\/p>\n\n\n\n<p>21:00 \u2013 Douglas Gavi\u00e3o<\/p>\n\n\n\n<p>23:00 \u2013 Gard\u00eania Mel<\/p>\n\n\n\n<p><strong>Ter\u00e7a-feira 04\/04<\/strong><\/p>\n\n\n\n<p><strong>Cortejos:<\/strong><\/p>\n\n\n\n<p>15:30 \u2013 Gera\u00e7\u00e3o do Frevo<\/p>\n\n\n\n<p>16:00 \u2013 Toda Boa<\/p>\n\n\n\n<p>16:15 \u2013 Robert Pankad\u00e3o<\/p>\n\n\n\n<p>16:30 \u2013 Sandro Carrara<\/p>\n\n\n\n<p><strong>Trio Cora\u00e7\u00e3o da Cidade:<\/strong><\/p>\n\n\n\n<p>17:00 \u2013 Bia Moura (Matin\u00ea)<\/p>\n\n\n\n<p>18:00 \u2013 Sambakana<\/p>\n\n\n\n<p>19:00 \u2013 Samba L\u00ea<\/p>\n\n\n\n<p>21:00 -Ninha<\/p>\n\n\n\n<p>23:00 \u2013 Dioguinho<\/p>\n\n\n\n<p><strong>Trio Forr\u00f3 e Arrocha:<\/strong><\/p>\n\n\n\n<p>19:00 \u2013 Zueir\u00f5es Do Forr\u00f3<\/p>\n\n\n\n<p>21:00 \u2013 Danielzinho Jr<\/p>\n\n\n\n<p>23:00 \u2013 Juninho Menezes<\/p>\n\n\n\n<p>Fonte: A8se<\/p>\n","protected":false},"excerpt":{"rendered":"<p>Os festejos ocorrer\u00e3o de 1\u00ba a 4 de mar\u00e7o, com cortejos e shows em trios parados no circuito tradicional do bloco A programa\u00e7\u00e3o de um dos maiores e mais aguardados do carnaval, o &#8220;Rasgadinho&#8221;, foi anunciada e promete agitar a cidade de 1\u00ba a 4 de mar\u00e7o de 2025. Ao todo, 40 atra\u00e7\u00f5es se apresentam [&hellip;]<\/p>\n","protected":false},"author":6,"featured_media":6876,"comment_status":"open","ping_status":"open","sticky":false,"template":"","format":"standard","meta":{"footnotes":""},"categories":[10],"tags":[],"class_list":{"0":"post-6875","1":"post","2":"type-post","3":"status-publish","4":"format-standard","5":"has-post-thumbnail","7":"category-theme-features"},"_links":{"self":[{"href":"https:\/\/nordesteimprensa.com.br\/index.php\/wp-json\/wp\/v2\/posts\/6875","targetHints":{"allow":["GET"]}}],"collection":[{"href":"https:\/\/nordesteimprensa.com.br\/index.php\/wp-json\/wp\/v2\/posts"}],"about":[{"href":"https:\/\/nordesteimprensa.com.br\/index.php\/wp-json\/wp\/v2\/types\/post"}],"author":[{"embeddable":true,"href":"https:\/\/nordesteimprensa.com.br\/index.php\/wp-json\/wp\/v2\/users\/6"}],"replies":[{"embeddable":true,"href":"https:\/\/nordesteimprensa.com.br\/index.php\/wp-json\/wp\/v2\/comments?post=6875"}],"version-history":[{"count":1,"href":"https:\/\/nordesteimprensa.com.br\/index.php\/wp-json\/wp\/v2\/posts\/6875\/revisions"}],"predecessor-version":[{"id":6877,"href":"https:\/\/nordesteimprensa.com.br\/index.php\/wp-json\/wp\/v2\/posts\/6875\/revisions\/6877"}],"wp:featuredmedia":[{"embeddable":true,"href":"https:\/\/nordesteimprensa.com.br\/index.php\/wp-json\/wp\/v2\/media\/6876"}],"wp:attachment":[{"href":"https:\/\/nordesteimprensa.com.br\/index.php\/wp-json\/wp\/v2\/media?parent=6875"}],"wp:term":[{"taxonomy":"category","embeddable":true,"href":"https:\/\/nordesteimprensa.com.br\/index.php\/wp-json\/wp\/v2\/categories?post=6875"},{"taxonomy":"post_tag","embeddable":true,"href":"https:\/\/nordesteimprensa.com.br\/index.php\/wp-json\/wp\/v2\/tags?post=6875"}],"curies":[{"name":"wp","href":"https:\/\/api.w.org\/{rel}","templated":true}]}}