{"id":6878,"date":"2025-02-28T09:28:12","date_gmt":"2025-02-28T12:28:12","guid":{"rendered":"https:\/\/nordesteimprensa.com.br\/?p=6878"},"modified":"2025-02-28T09:28:13","modified_gmt":"2025-02-28T12:28:13","slug":"fabricio-dr-levara-o-arrocha-sergipano-para-o-carnaval-de-salvador-neste-final-de-semana","status":"publish","type":"post","link":"https:\/\/nordesteimprensa.com.br\/index.php\/2025\/02\/28\/fabricio-dr-levara-o-arrocha-sergipano-para-o-carnaval-de-salvador-neste-final-de-semana\/","title":{"rendered":"Fabr\u00edcio DR levar\u00e1 o arrocha sergipano para o Carnaval de Salvador neste final de semana"},"content":{"rendered":"\n<p>Jovem talento da m\u00fasica sergipana, Fabr\u00edcio DR \u00e9 um dos nomes em ascens\u00e3o no arrocha e que j\u00e1 conquistou um grande espa\u00e7o num dos maiores carnavais do pa\u00eds, em Salvador, onde se apresentar\u00e1 neste final de semana.<\/p>\n\n\n\n<p>Com apenas 20 anos, o artista natural de Lagarto far\u00e1 sua estreia na folia baiana com shows em diversos blocos.<\/p>\n\n\n\n<p>Nesta sexta-feira, 28, ele ser\u00e1 atra\u00e7\u00e3o do Bloco dos Vaqueiros. No s\u00e1bado, 1\u00ba, Fabr\u00edcio comandar\u00e1 o Bloco Canelight \u00e0s 13h e, mais tarde, \u00e0s 19h, levar\u00e1 sua energia ao Bloco Quintal do Samba.<\/p>\n\n\n\n<p>Na v\u00e9spera de sua estreia, o cantor participou do programa Brasil Urgente Bahia, da Band Bahia, onde falou sobre a emo\u00e7\u00e3o de cantar no Carnaval de Salvador e presenteou o p\u00fablico com uma performance especial de Seja Para Mim, um de seus grandes sucessos.<\/p>\n","protected":false},"excerpt":{"rendered":"<p>Jovem talento da m\u00fasica sergipana, Fabr\u00edcio DR \u00e9 um dos nomes em ascens\u00e3o no arrocha e que j\u00e1 conquistou um grande espa\u00e7o num dos maiores carnavais do pa\u00eds, em Salvador, onde se apresentar\u00e1 neste final de semana. Com apenas 20 anos, o artista natural de Lagarto far\u00e1 sua estreia na folia baiana com shows em [&hellip;]<\/p>\n","protected":false},"author":6,"featured_media":6879,"comment_status":"open","ping_status":"open","sticky":false,"template":"","format":"standard","meta":{"footnotes":""},"categories":[10],"tags":[],"class_list":{"0":"post-6878","1":"post","2":"type-post","3":"status-publish","4":"format-standard","5":"has-post-thumbnail","7":"category-theme-features"},"_links":{"self":[{"href":"https:\/\/nordesteimprensa.com.br\/index.php\/wp-json\/wp\/v2\/posts\/6878","targetHints":{"allow":["GET"]}}],"collection":[{"href":"https:\/\/nordesteimprensa.com.br\/index.php\/wp-json\/wp\/v2\/posts"}],"about":[{"href":"https:\/\/nordesteimprensa.com.br\/index.php\/wp-json\/wp\/v2\/types\/post"}],"author":[{"embeddable":true,"href":"https:\/\/nordesteimprensa.com.br\/index.php\/wp-json\/wp\/v2\/users\/6"}],"replies":[{"embeddable":true,"href":"https:\/\/nordesteimprensa.com.br\/index.php\/wp-json\/wp\/v2\/comments?post=6878"}],"version-history":[{"count":1,"href":"https:\/\/nordesteimprensa.com.br\/index.php\/wp-json\/wp\/v2\/posts\/6878\/revisions"}],"predecessor-version":[{"id":6880,"href":"https:\/\/nordesteimprensa.com.br\/index.php\/wp-json\/wp\/v2\/posts\/6878\/revisions\/6880"}],"wp:featuredmedia":[{"embeddable":true,"href":"https:\/\/nordesteimprensa.com.br\/index.php\/wp-json\/wp\/v2\/media\/6879"}],"wp:attachment":[{"href":"https:\/\/nordesteimprensa.com.br\/index.php\/wp-json\/wp\/v2\/media?parent=6878"}],"wp:term":[{"taxonomy":"category","embeddable":true,"href":"https:\/\/nordesteimprensa.com.br\/index.php\/wp-json\/wp\/v2\/categories?post=6878"},{"taxonomy":"post_tag","embeddable":true,"href":"https:\/\/nordesteimprensa.com.br\/index.php\/wp-json\/wp\/v2\/tags?post=6878"}],"curies":[{"name":"wp","href":"https:\/\/api.w.org\/{rel}","templated":true}]}}