{"id":6885,"date":"2025-03-01T10:08:10","date_gmt":"2025-03-01T13:08:10","guid":{"rendered":"https:\/\/nordesteimprensa.com.br\/?p=6885"},"modified":"2025-03-01T10:08:10","modified_gmt":"2025-03-01T13:08:10","slug":"queda-de-arvore-interrompe-transito-e-fornecimento-de-energia-na-zona-sul-de-aracaju","status":"publish","type":"post","link":"https:\/\/nordesteimprensa.com.br\/index.php\/2025\/03\/01\/queda-de-arvore-interrompe-transito-e-fornecimento-de-energia-na-zona-sul-de-aracaju\/","title":{"rendered":"Queda de \u00e1rvore interrompe tr\u00e2nsito e fornecimento de energia na Zona Sul de Aracaju"},"content":{"rendered":"\n<p>A queda de uma \u00e1rvore, na tarde desta sexta-feira (28), provocou o interrompimento do fornecimento de energia el\u00e9trica e o bloqueio do tr\u00e2nsito na Rua Urquiza Leal, no Bairro Grageru, Zona Sul da capital.&nbsp;<\/p>\n\n\n\n<p>De acordo com a Energisa, equipes j\u00e1 est\u00e3o atuando no local e a Empresa Municipal de Servi\u00e7os Urbanos (Emsurb) foi acionada para remover a \u00e1rvore.&nbsp;<\/p>\n\n\n\n<p>Segundo a SMTT, a via continua bloqueada e a orienta\u00e7\u00e3o \u00e9 que veiculos que trafegam na Rua Urquizia Leal, sentido centro, desviem na Rua Marechal Horta Barbosa para a direita, sentido Avenida Pedro Paes Azevedo.\u00a0<br><\/p>\n\n\n\n<p>Fonte: G1<\/p>\n","protected":false},"excerpt":{"rendered":"<p>A queda de uma \u00e1rvore, na tarde desta sexta-feira (28), provocou o interrompimento do fornecimento de energia el\u00e9trica e o bloqueio do tr\u00e2nsito na Rua Urquiza Leal, no Bairro Grageru, Zona Sul da capital.&nbsp; De acordo com a Energisa, equipes j\u00e1 est\u00e3o atuando no local e a Empresa Municipal de Servi\u00e7os Urbanos (Emsurb) foi acionada [&hellip;]<\/p>\n","protected":false},"author":6,"featured_media":6886,"comment_status":"open","ping_status":"open","sticky":false,"template":"","format":"standard","meta":{"footnotes":""},"categories":[10],"tags":[],"class_list":{"0":"post-6885","1":"post","2":"type-post","3":"status-publish","4":"format-standard","5":"has-post-thumbnail","7":"category-theme-features"},"_links":{"self":[{"href":"https:\/\/nordesteimprensa.com.br\/index.php\/wp-json\/wp\/v2\/posts\/6885","targetHints":{"allow":["GET"]}}],"collection":[{"href":"https:\/\/nordesteimprensa.com.br\/index.php\/wp-json\/wp\/v2\/posts"}],"about":[{"href":"https:\/\/nordesteimprensa.com.br\/index.php\/wp-json\/wp\/v2\/types\/post"}],"author":[{"embeddable":true,"href":"https:\/\/nordesteimprensa.com.br\/index.php\/wp-json\/wp\/v2\/users\/6"}],"replies":[{"embeddable":true,"href":"https:\/\/nordesteimprensa.com.br\/index.php\/wp-json\/wp\/v2\/comments?post=6885"}],"version-history":[{"count":1,"href":"https:\/\/nordesteimprensa.com.br\/index.php\/wp-json\/wp\/v2\/posts\/6885\/revisions"}],"predecessor-version":[{"id":6887,"href":"https:\/\/nordesteimprensa.com.br\/index.php\/wp-json\/wp\/v2\/posts\/6885\/revisions\/6887"}],"wp:featuredmedia":[{"embeddable":true,"href":"https:\/\/nordesteimprensa.com.br\/index.php\/wp-json\/wp\/v2\/media\/6886"}],"wp:attachment":[{"href":"https:\/\/nordesteimprensa.com.br\/index.php\/wp-json\/wp\/v2\/media?parent=6885"}],"wp:term":[{"taxonomy":"category","embeddable":true,"href":"https:\/\/nordesteimprensa.com.br\/index.php\/wp-json\/wp\/v2\/categories?post=6885"},{"taxonomy":"post_tag","embeddable":true,"href":"https:\/\/nordesteimprensa.com.br\/index.php\/wp-json\/wp\/v2\/tags?post=6885"}],"curies":[{"name":"wp","href":"https:\/\/api.w.org\/{rel}","templated":true}]}}