{"id":6888,"date":"2025-03-01T10:10:29","date_gmt":"2025-03-01T13:10:29","guid":{"rendered":"https:\/\/nordesteimprensa.com.br\/?p=6888"},"modified":"2025-03-01T10:10:30","modified_gmt":"2025-03-01T13:10:30","slug":"confira-a-previsao-do-tempo-em-aracaju-para-este-sabado-1o","status":"publish","type":"post","link":"https:\/\/nordesteimprensa.com.br\/index.php\/2025\/03\/01\/confira-a-previsao-do-tempo-em-aracaju-para-este-sabado-1o\/","title":{"rendered":"Confira a previs\u00e3o do tempo em Aracaju para este s\u00e1bado (1\u00ba)"},"content":{"rendered":"\n<p>Neste s\u00e1bado (1\u00ba), o tempo em Aracaju deve ter c\u00e9u nublado com possibilidade de chuvas a qualquer hora. A previs\u00e3o \u00e9 do ClimAju, plataforma meteorol\u00f3gica da Prefeitura da capital sergipana.<\/p>\n\n\n\n<p><a href=\"https:\/\/imagens.f5news.com.br\/arquivos\/2024\/05\/tempo-ceu-nublado-ar_428681716288396.jpeg\"><\/a>F5 News<\/p>\n\n\n\n<p>A possibilidade de chuva \u00e9 considerada alta, com volume previsto de 30 mm. Os ventos devem ficar entre fracos e moderados, com rajadas ocasionais ao longo do dia.<\/p>\n\n\n\n<p>O ClimAju indica ainda que os term\u00f4metros devem oscilar entre 25 \u00b0C e 31 \u00b0C, com umidade relativa do ar m\u00ednima em torno de 65% no per\u00edodo da tarde.\u00a0<\/p>\n\n\n\n<p>Fonte: F5news<\/p>\n","protected":false},"excerpt":{"rendered":"<p>Neste s\u00e1bado (1\u00ba), o tempo em Aracaju deve ter c\u00e9u nublado com possibilidade de chuvas a qualquer hora. A previs\u00e3o \u00e9 do ClimAju, plataforma meteorol\u00f3gica da Prefeitura da capital sergipana. F5 News A possibilidade de chuva \u00e9 considerada alta, com volume previsto de 30 mm. Os ventos devem ficar entre fracos e moderados, com rajadas [&hellip;]<\/p>\n","protected":false},"author":6,"featured_media":6889,"comment_status":"open","ping_status":"open","sticky":false,"template":"","format":"standard","meta":{"footnotes":""},"categories":[10],"tags":[],"class_list":{"0":"post-6888","1":"post","2":"type-post","3":"status-publish","4":"format-standard","5":"has-post-thumbnail","7":"category-theme-features"},"_links":{"self":[{"href":"https:\/\/nordesteimprensa.com.br\/index.php\/wp-json\/wp\/v2\/posts\/6888","targetHints":{"allow":["GET"]}}],"collection":[{"href":"https:\/\/nordesteimprensa.com.br\/index.php\/wp-json\/wp\/v2\/posts"}],"about":[{"href":"https:\/\/nordesteimprensa.com.br\/index.php\/wp-json\/wp\/v2\/types\/post"}],"author":[{"embeddable":true,"href":"https:\/\/nordesteimprensa.com.br\/index.php\/wp-json\/wp\/v2\/users\/6"}],"replies":[{"embeddable":true,"href":"https:\/\/nordesteimprensa.com.br\/index.php\/wp-json\/wp\/v2\/comments?post=6888"}],"version-history":[{"count":1,"href":"https:\/\/nordesteimprensa.com.br\/index.php\/wp-json\/wp\/v2\/posts\/6888\/revisions"}],"predecessor-version":[{"id":6890,"href":"https:\/\/nordesteimprensa.com.br\/index.php\/wp-json\/wp\/v2\/posts\/6888\/revisions\/6890"}],"wp:featuredmedia":[{"embeddable":true,"href":"https:\/\/nordesteimprensa.com.br\/index.php\/wp-json\/wp\/v2\/media\/6889"}],"wp:attachment":[{"href":"https:\/\/nordesteimprensa.com.br\/index.php\/wp-json\/wp\/v2\/media?parent=6888"}],"wp:term":[{"taxonomy":"category","embeddable":true,"href":"https:\/\/nordesteimprensa.com.br\/index.php\/wp-json\/wp\/v2\/categories?post=6888"},{"taxonomy":"post_tag","embeddable":true,"href":"https:\/\/nordesteimprensa.com.br\/index.php\/wp-json\/wp\/v2\/tags?post=6888"}],"curies":[{"name":"wp","href":"https:\/\/api.w.org\/{rel}","templated":true}]}}