{"id":6917,"date":"2025-03-07T11:22:23","date_gmt":"2025-03-07T14:22:23","guid":{"rendered":"https:\/\/nordesteimprensa.com.br\/?p=6917"},"modified":"2025-03-07T11:22:23","modified_gmt":"2025-03-07T14:22:23","slug":"mulher-morre-apos-ser-atingida-por-peca-metalica-que-se-desprendeu-de-carreta-na-br-235-em-frei-paulo","status":"publish","type":"post","link":"https:\/\/nordesteimprensa.com.br\/index.php\/2025\/03\/07\/mulher-morre-apos-ser-atingida-por-peca-metalica-que-se-desprendeu-de-carreta-na-br-235-em-frei-paulo\/","title":{"rendered":"MULHER MORRE AP\u00d3S SER ATINGIDA POR PE\u00c7A MET\u00c1LICA QUE SE DESPRENDEU DE CARRETA NA BR-235, EM FREI PAULO"},"content":{"rendered":"\n<p>Uma mulher que viajava em um carro de passeio morreu ap\u00f3s ser atingida por uma pe\u00e7a met\u00e1lica que se desprendeu da lateral de uma carreta. O acidente ocorreu no km 69 da BR-235, nas proximidades do munic\u00edpio de Frei Paulo.<\/p>\n\n\n\n<p>Segundo informa\u00e7\u00f5es da Pol\u00edcia Rodovi\u00e1ria Federal (PRF), a v\u00edtima seguia em dire\u00e7\u00e3o a Itabaiana quando a pe\u00e7a se soltou da carreta que trafegava no sentido oposto. O objeto atingiu o para-brisa do carro e acertou a motorista, que morreu no local.<\/p>\n\n\n\n<p>O condutor da carreta fugiu ap\u00f3s o acidente. Equipes da PRF permanecem no local.<\/p>\n\n\n\n<figure class=\"wp-block-image\"><img decoding=\"async\" src=\"https:\/\/fanf1.com.br\/wp-content\/uploads\/2025\/03\/WhatsApp-Image-2025-03-06-at-21.17.13.jpeg\" alt=\"\" class=\"wp-image-43855\"\/><\/figure>\n\n\n\n<p>A v\u00edtima, identificada por Cleane Machado, trabalhava h\u00e1 10 anos como cabelereira. Natural de Itabaiana, na regi\u00e3o Agreste do estado, ela deixa uma filha.<\/p>\n\n\n\n<p>O local do vel\u00f3rio e sepultamento ainda n\u00e3o foram divulgados.<\/p>\n\n\n\n<p>Fonte: Fanf1<\/p>\n","protected":false},"excerpt":{"rendered":"<p>Uma mulher que viajava em um carro de passeio morreu ap\u00f3s ser atingida por uma pe\u00e7a met\u00e1lica que se desprendeu da lateral de uma carreta. O acidente ocorreu no km 69 da BR-235, nas proximidades do munic\u00edpio de Frei Paulo. Segundo informa\u00e7\u00f5es da Pol\u00edcia Rodovi\u00e1ria Federal (PRF), a v\u00edtima seguia em dire\u00e7\u00e3o a Itabaiana quando [&hellip;]<\/p>\n","protected":false},"author":6,"featured_media":6918,"comment_status":"open","ping_status":"open","sticky":false,"template":"","format":"standard","meta":{"footnotes":""},"categories":[10],"tags":[],"class_list":{"0":"post-6917","1":"post","2":"type-post","3":"status-publish","4":"format-standard","5":"has-post-thumbnail","7":"category-theme-features"},"_links":{"self":[{"href":"https:\/\/nordesteimprensa.com.br\/index.php\/wp-json\/wp\/v2\/posts\/6917","targetHints":{"allow":["GET"]}}],"collection":[{"href":"https:\/\/nordesteimprensa.com.br\/index.php\/wp-json\/wp\/v2\/posts"}],"about":[{"href":"https:\/\/nordesteimprensa.com.br\/index.php\/wp-json\/wp\/v2\/types\/post"}],"author":[{"embeddable":true,"href":"https:\/\/nordesteimprensa.com.br\/index.php\/wp-json\/wp\/v2\/users\/6"}],"replies":[{"embeddable":true,"href":"https:\/\/nordesteimprensa.com.br\/index.php\/wp-json\/wp\/v2\/comments?post=6917"}],"version-history":[{"count":1,"href":"https:\/\/nordesteimprensa.com.br\/index.php\/wp-json\/wp\/v2\/posts\/6917\/revisions"}],"predecessor-version":[{"id":6919,"href":"https:\/\/nordesteimprensa.com.br\/index.php\/wp-json\/wp\/v2\/posts\/6917\/revisions\/6919"}],"wp:featuredmedia":[{"embeddable":true,"href":"https:\/\/nordesteimprensa.com.br\/index.php\/wp-json\/wp\/v2\/media\/6918"}],"wp:attachment":[{"href":"https:\/\/nordesteimprensa.com.br\/index.php\/wp-json\/wp\/v2\/media?parent=6917"}],"wp:term":[{"taxonomy":"category","embeddable":true,"href":"https:\/\/nordesteimprensa.com.br\/index.php\/wp-json\/wp\/v2\/categories?post=6917"},{"taxonomy":"post_tag","embeddable":true,"href":"https:\/\/nordesteimprensa.com.br\/index.php\/wp-json\/wp\/v2\/tags?post=6917"}],"curies":[{"name":"wp","href":"https:\/\/api.w.org\/{rel}","templated":true}]}}