{"id":6920,"date":"2025-03-07T11:23:36","date_gmt":"2025-03-07T14:23:36","guid":{"rendered":"https:\/\/nordesteimprensa.com.br\/?p=6920"},"modified":"2025-03-07T11:23:37","modified_gmt":"2025-03-07T14:23:37","slug":"homem-e-preso-com-tres-armas-de-fogo-durante-acao-de-maus-tratos-contra-uma-crianca-em-cristinapolis","status":"publish","type":"post","link":"https:\/\/nordesteimprensa.com.br\/index.php\/2025\/03\/07\/homem-e-preso-com-tres-armas-de-fogo-durante-acao-de-maus-tratos-contra-uma-crianca-em-cristinapolis\/","title":{"rendered":"Homem \u00e9 preso com tr\u00eas armas de fogo durante a\u00e7\u00e3o de maus-tratos contra uma crian\u00e7a em Cristin\u00e1polis"},"content":{"rendered":"\n<p>Um homem foi preso por posse ilegal de arma de fogo durante uma a\u00e7\u00e3o policial realizada em Cristin\u00e1polis, ap\u00f3s uma den\u00fancia de maus-tratos contra uma crian\u00e7a no munic\u00edpio. A informa\u00e7\u00e3o foi divulgada nesta sexta-feira (7).<\/p>\n\n\n\n<p>Segundo o delegado Bruno Alc\u00e2ntara, ap\u00f3s a comunica\u00e7\u00e3o do fato, as equipes iniciaram dilig\u00eancias para verificar a veracidade da den\u00fancia. Durante a busca na casa do suspeito, foram encontradas tr\u00eas armas de fogo de fabrica\u00e7\u00e3o artesanal e uma grande quantidade de artefatos para montagem de armamentos.<\/p>\n\n\n\n<p>Diante da situa\u00e7\u00e3o de vulnerabilidade em que a crian\u00e7a se encontrava, o Conselho Tutelar foi acionado para acompanhar o caso de maus-tratos, que ser\u00e1 apurado pela Delegacia de Atendimento \u00e0 Mulher e \u00e0 Crian\u00e7a (DAGV) de Cristin\u00e1polis. O suspeito, preso em flagrante, foi conduzido \u00e0 delegacia do munic\u00edpio para os procedimentos cab\u00edveis.<\/p>\n\n\n\n<p>Fonte: A8se<\/p>\n","protected":false},"excerpt":{"rendered":"<p>Um homem foi preso por posse ilegal de arma de fogo durante uma a\u00e7\u00e3o policial realizada em Cristin\u00e1polis, ap\u00f3s uma den\u00fancia de maus-tratos contra uma crian\u00e7a no munic\u00edpio. A informa\u00e7\u00e3o foi divulgada nesta sexta-feira (7). Segundo o delegado Bruno Alc\u00e2ntara, ap\u00f3s a comunica\u00e7\u00e3o do fato, as equipes iniciaram dilig\u00eancias para verificar a veracidade da den\u00fancia. [&hellip;]<\/p>\n","protected":false},"author":6,"featured_media":6921,"comment_status":"open","ping_status":"open","sticky":false,"template":"","format":"standard","meta":{"footnotes":""},"categories":[10],"tags":[],"class_list":{"0":"post-6920","1":"post","2":"type-post","3":"status-publish","4":"format-standard","5":"has-post-thumbnail","7":"category-theme-features"},"_links":{"self":[{"href":"https:\/\/nordesteimprensa.com.br\/index.php\/wp-json\/wp\/v2\/posts\/6920","targetHints":{"allow":["GET"]}}],"collection":[{"href":"https:\/\/nordesteimprensa.com.br\/index.php\/wp-json\/wp\/v2\/posts"}],"about":[{"href":"https:\/\/nordesteimprensa.com.br\/index.php\/wp-json\/wp\/v2\/types\/post"}],"author":[{"embeddable":true,"href":"https:\/\/nordesteimprensa.com.br\/index.php\/wp-json\/wp\/v2\/users\/6"}],"replies":[{"embeddable":true,"href":"https:\/\/nordesteimprensa.com.br\/index.php\/wp-json\/wp\/v2\/comments?post=6920"}],"version-history":[{"count":1,"href":"https:\/\/nordesteimprensa.com.br\/index.php\/wp-json\/wp\/v2\/posts\/6920\/revisions"}],"predecessor-version":[{"id":6922,"href":"https:\/\/nordesteimprensa.com.br\/index.php\/wp-json\/wp\/v2\/posts\/6920\/revisions\/6922"}],"wp:featuredmedia":[{"embeddable":true,"href":"https:\/\/nordesteimprensa.com.br\/index.php\/wp-json\/wp\/v2\/media\/6921"}],"wp:attachment":[{"href":"https:\/\/nordesteimprensa.com.br\/index.php\/wp-json\/wp\/v2\/media?parent=6920"}],"wp:term":[{"taxonomy":"category","embeddable":true,"href":"https:\/\/nordesteimprensa.com.br\/index.php\/wp-json\/wp\/v2\/categories?post=6920"},{"taxonomy":"post_tag","embeddable":true,"href":"https:\/\/nordesteimprensa.com.br\/index.php\/wp-json\/wp\/v2\/tags?post=6920"}],"curies":[{"name":"wp","href":"https:\/\/api.w.org\/{rel}","templated":true}]}}