{"id":6927,"date":"2025-03-08T09:12:23","date_gmt":"2025-03-08T12:12:23","guid":{"rendered":"https:\/\/nordesteimprensa.com.br\/?p=6927"},"modified":"2025-03-08T09:12:23","modified_gmt":"2025-03-08T12:12:23","slug":"comemoracoes-pelos-170-anos-de-aracaju-comecam-neste-final-de-semana-confira-programacao","status":"publish","type":"post","link":"https:\/\/nordesteimprensa.com.br\/index.php\/2025\/03\/08\/comemoracoes-pelos-170-anos-de-aracaju-comecam-neste-final-de-semana-confira-programacao\/","title":{"rendered":"\u00a0Comemora\u00e7\u00f5es pelos 170 anos de Aracaju come\u00e7am neste final de semana. Confira programa\u00e7\u00e3o"},"content":{"rendered":"\n<p>Come\u00e7am neste s\u00e1bado (8) as celebra\u00e7\u00f5es pelos 170 anos de Aracaju. A Prefeitura da Capital ir\u00e1 promover mais de 20 dias de programa\u00e7\u00e3o com atividades culturais, musicais, esportivas, gastron\u00f4micas e religiosas em v\u00e1rios pontos da cidade.&nbsp;<\/p>\n\n\n\n<p><a href=\"https:\/\/imagens.f5news.com.br\/arquivos\/2024\/12\/slide_3a461b412ddaf3_293611734120535.jpg\"><\/a>Max Carlos\/Setur<\/p>\n\n\n\n<p>A programa\u00e7\u00e3o oficial foi anunciada no dia 19 de fevereiro. As celebra\u00e7\u00f5es ir\u00e3o ocorrer de 8 a 30 de mar\u00e7o, com uma agenda diversificada que inclui 75 atra\u00e7\u00f5es, entre shows de artistas nacionais e sergipanos, al\u00e9m de atividades culturais.&nbsp;<\/p>\n\n\n\n<p>A programa\u00e7\u00e3o tamb\u00e9m contar\u00e1 com exposi\u00e7\u00f5es, feiras de artesanato, competi\u00e7\u00f5es esportivas e a\u00e7\u00f5es que valorizam a hist\u00f3ria e a cultura aracajuana, proporcionando lazer e entretenimento para toda a popula\u00e7\u00e3o.<\/p>\n\n\n\n<p>A festa ser\u00e1 dividida em 12 circuitos, com destaque para os de Cultura Urbana, Afro, Escolar, Esportivo, Gastron\u00f4mico, Artes Visuais, Sustentabilidade, entre outros, oferecendo uma experi\u00eancia diversificada ao p\u00fablico.<\/p>\n\n\n\n<p>Fonte: F5News<\/p>\n","protected":false},"excerpt":{"rendered":"<p>Come\u00e7am neste s\u00e1bado (8) as celebra\u00e7\u00f5es pelos 170 anos de Aracaju. A Prefeitura da Capital ir\u00e1 promover mais de 20 dias de programa\u00e7\u00e3o com atividades culturais, musicais, esportivas, gastron\u00f4micas e religiosas em v\u00e1rios pontos da cidade.&nbsp; Max Carlos\/Setur A programa\u00e7\u00e3o oficial foi anunciada no dia 19 de fevereiro. As celebra\u00e7\u00f5es ir\u00e3o ocorrer de 8 a [&hellip;]<\/p>\n","protected":false},"author":6,"featured_media":6928,"comment_status":"open","ping_status":"open","sticky":false,"template":"","format":"standard","meta":{"footnotes":""},"categories":[10],"tags":[],"class_list":{"0":"post-6927","1":"post","2":"type-post","3":"status-publish","4":"format-standard","5":"has-post-thumbnail","7":"category-theme-features"},"_links":{"self":[{"href":"https:\/\/nordesteimprensa.com.br\/index.php\/wp-json\/wp\/v2\/posts\/6927","targetHints":{"allow":["GET"]}}],"collection":[{"href":"https:\/\/nordesteimprensa.com.br\/index.php\/wp-json\/wp\/v2\/posts"}],"about":[{"href":"https:\/\/nordesteimprensa.com.br\/index.php\/wp-json\/wp\/v2\/types\/post"}],"author":[{"embeddable":true,"href":"https:\/\/nordesteimprensa.com.br\/index.php\/wp-json\/wp\/v2\/users\/6"}],"replies":[{"embeddable":true,"href":"https:\/\/nordesteimprensa.com.br\/index.php\/wp-json\/wp\/v2\/comments?post=6927"}],"version-history":[{"count":1,"href":"https:\/\/nordesteimprensa.com.br\/index.php\/wp-json\/wp\/v2\/posts\/6927\/revisions"}],"predecessor-version":[{"id":6929,"href":"https:\/\/nordesteimprensa.com.br\/index.php\/wp-json\/wp\/v2\/posts\/6927\/revisions\/6929"}],"wp:featuredmedia":[{"embeddable":true,"href":"https:\/\/nordesteimprensa.com.br\/index.php\/wp-json\/wp\/v2\/media\/6928"}],"wp:attachment":[{"href":"https:\/\/nordesteimprensa.com.br\/index.php\/wp-json\/wp\/v2\/media?parent=6927"}],"wp:term":[{"taxonomy":"category","embeddable":true,"href":"https:\/\/nordesteimprensa.com.br\/index.php\/wp-json\/wp\/v2\/categories?post=6927"},{"taxonomy":"post_tag","embeddable":true,"href":"https:\/\/nordesteimprensa.com.br\/index.php\/wp-json\/wp\/v2\/tags?post=6927"}],"curies":[{"name":"wp","href":"https:\/\/api.w.org\/{rel}","templated":true}]}}