{"id":6930,"date":"2025-03-10T09:20:20","date_gmt":"2025-03-10T12:20:20","guid":{"rendered":"https:\/\/nordesteimprensa.com.br\/?p=6930"},"modified":"2025-03-10T09:20:20","modified_gmt":"2025-03-10T12:20:20","slug":"papa-francisco-apresenta-leve-melhora-e-responde-bem-ao-tratamento-diz-vaticano","status":"publish","type":"post","link":"https:\/\/nordesteimprensa.com.br\/index.php\/2025\/03\/10\/papa-francisco-apresenta-leve-melhora-e-responde-bem-ao-tratamento-diz-vaticano\/","title":{"rendered":"PAPA FRANCISCO APRESENTA LEVE MELHORA E RESPONDE BEM AO TRATAMENTO, DIZ VATICANO"},"content":{"rendered":"\n<p>Novo comunicado do Vaticano nesta segunda-feira, 10, aponta que o Papa Francisco apresentou \u201cleve melhora\u201d no quadro de sa\u00fade.<\/p>\n\n\n\n<p>O pont\u00edfice voltou a ingerir alimentos s\u00f3lidos e conseguiu acompanhar atividades espirituais da Igreja Cat\u00f3lica por videoconfer\u00eancia. Ele passou bem a noite e descansa, informou o Vaticano.<\/p>\n\n\n\n<p>O papa tem respondido bem ao tratamento nos \u00faltimos dias. \u201cAs condi\u00e7\u00f5es cl\u00ednicas do Santo Padre permaneceram est\u00e1veis \u200b\u200bnos \u00faltimos dias e, consequentemente, demonstram uma boa resposta \u00e0 terapia. H\u00e1, portanto, uma melhoria gradual e ligeira\u201d, diz trecho do boletim m\u00e9dico.<\/p>\n\n\n\n<p>Na manh\u00e3 desta segunda, Francisco recebeu a visita do Cardeal Secret\u00e1rio de Estado Pietro Parolin e do Substituto da Secretaria de Estado, Arcebispo Edgar Pe\u00f1a Parra. Ainda hoje, o pont\u00edfice continuou sua terapia, assim como fisioterapia respirat\u00f3ria e motora.<\/p>\n\n\n\n<p>A previs\u00e3o dos m\u00e9dicos era que ap\u00f3s usar m\u00e1scara de oxigena\u00e7\u00e3o durante o dia, o pont\u00edfice fizesse uma ventila\u00e7\u00e3o mec\u00e2nica n\u00e3o invasiva. Trata-se de um ventilador usado para empurrar o ar para os pulm\u00f5es com press\u00e3o controlada, facilitando a respira\u00e7\u00e3o e reduzindo o esfor\u00e7o dos m\u00fasculos respirat\u00f3rios.<\/p>\n\n\n\n<p>Fonte: Fanf1<\/p>\n","protected":false},"excerpt":{"rendered":"<p>Novo comunicado do Vaticano nesta segunda-feira, 10, aponta que o Papa Francisco apresentou \u201cleve melhora\u201d no quadro de sa\u00fade. O pont\u00edfice voltou a ingerir alimentos s\u00f3lidos e conseguiu acompanhar atividades espirituais da Igreja Cat\u00f3lica por videoconfer\u00eancia. Ele passou bem a noite e descansa, informou o Vaticano. O papa tem respondido bem ao tratamento nos \u00faltimos [&hellip;]<\/p>\n","protected":false},"author":6,"featured_media":6931,"comment_status":"open","ping_status":"open","sticky":false,"template":"","format":"standard","meta":{"footnotes":""},"categories":[10],"tags":[],"class_list":{"0":"post-6930","1":"post","2":"type-post","3":"status-publish","4":"format-standard","5":"has-post-thumbnail","7":"category-theme-features"},"_links":{"self":[{"href":"https:\/\/nordesteimprensa.com.br\/index.php\/wp-json\/wp\/v2\/posts\/6930","targetHints":{"allow":["GET"]}}],"collection":[{"href":"https:\/\/nordesteimprensa.com.br\/index.php\/wp-json\/wp\/v2\/posts"}],"about":[{"href":"https:\/\/nordesteimprensa.com.br\/index.php\/wp-json\/wp\/v2\/types\/post"}],"author":[{"embeddable":true,"href":"https:\/\/nordesteimprensa.com.br\/index.php\/wp-json\/wp\/v2\/users\/6"}],"replies":[{"embeddable":true,"href":"https:\/\/nordesteimprensa.com.br\/index.php\/wp-json\/wp\/v2\/comments?post=6930"}],"version-history":[{"count":1,"href":"https:\/\/nordesteimprensa.com.br\/index.php\/wp-json\/wp\/v2\/posts\/6930\/revisions"}],"predecessor-version":[{"id":6932,"href":"https:\/\/nordesteimprensa.com.br\/index.php\/wp-json\/wp\/v2\/posts\/6930\/revisions\/6932"}],"wp:featuredmedia":[{"embeddable":true,"href":"https:\/\/nordesteimprensa.com.br\/index.php\/wp-json\/wp\/v2\/media\/6931"}],"wp:attachment":[{"href":"https:\/\/nordesteimprensa.com.br\/index.php\/wp-json\/wp\/v2\/media?parent=6930"}],"wp:term":[{"taxonomy":"category","embeddable":true,"href":"https:\/\/nordesteimprensa.com.br\/index.php\/wp-json\/wp\/v2\/categories?post=6930"},{"taxonomy":"post_tag","embeddable":true,"href":"https:\/\/nordesteimprensa.com.br\/index.php\/wp-json\/wp\/v2\/tags?post=6930"}],"curies":[{"name":"wp","href":"https:\/\/api.w.org\/{rel}","templated":true}]}}