{"id":6934,"date":"2025-03-10T09:22:14","date_gmt":"2025-03-10T12:22:14","guid":{"rendered":"https:\/\/nordesteimprensa.com.br\/?p=6934"},"modified":"2025-03-10T09:22:14","modified_gmt":"2025-03-10T12:22:14","slug":"motociclista-morre-apos-colisao-frontal-na-se-175","status":"publish","type":"post","link":"https:\/\/nordesteimprensa.com.br\/index.php\/2025\/03\/10\/motociclista-morre-apos-colisao-frontal-na-se-175\/","title":{"rendered":"Motociclista morre ap\u00f3s colis\u00e3o frontal na SE-175"},"content":{"rendered":"\n<p>Um motociclista morreu ap\u00f3s uma colis\u00e3o frontal na rodovia SE-175, pr\u00f3ximo \u00e0 entrada do munic\u00edpio de S\u00e3o Miguel do Aleixo, em Sergipe, na tarde deste s\u00e1bado (8). Segundo informa\u00e7\u00f5es do Batalh\u00e3o de Pol\u00edcia Rodovi\u00e1ria (BPRv), o acidente ocorreu por volta das 16h.&nbsp;<\/p>\n\n\n\n<p>A v\u00edtima conduzia uma motocicleta quando colidiu frontalmente com outro ve\u00edculo, que n\u00e3o foi identificado e fugiu do local. O motociclista n\u00e3o resistiu aos ferimentos e morreu no local.&nbsp;<\/p>\n\n\n\n<p>Equipes do Servi\u00e7o de Atendimento M\u00f3vel de Urg\u00eancia (SAMU), do Instituto M\u00e9dico Legal (IML) e da Criminal\u00edstica foram acionadas. A motocicleta foi liberada para um familiar da v\u00edtima ap\u00f3s a per\u00edcia.&nbsp;<\/p>\n\n\n\n<p>A pol\u00edcia investiga as causas do acidente e busca identificar o ve\u00edculo envolvido na colis\u00e3o. Quem tiver alguma informa\u00e7\u00e3o que possa ajudar \u00e0 Pol\u00edcia pode ligar para o Disque-Den\u00fancia, no 181.<\/p>\n\n\n\n<p>Fonte: G1<\/p>\n","protected":false},"excerpt":{"rendered":"<p>Um motociclista morreu ap\u00f3s uma colis\u00e3o frontal na rodovia SE-175, pr\u00f3ximo \u00e0 entrada do munic\u00edpio de S\u00e3o Miguel do Aleixo, em Sergipe, na tarde deste s\u00e1bado (8). Segundo informa\u00e7\u00f5es do Batalh\u00e3o de Pol\u00edcia Rodovi\u00e1ria (BPRv), o acidente ocorreu por volta das 16h.&nbsp; A v\u00edtima conduzia uma motocicleta quando colidiu frontalmente com outro ve\u00edculo, que n\u00e3o [&hellip;]<\/p>\n","protected":false},"author":6,"featured_media":6935,"comment_status":"open","ping_status":"open","sticky":false,"template":"","format":"standard","meta":{"footnotes":""},"categories":[10],"tags":[],"class_list":{"0":"post-6934","1":"post","2":"type-post","3":"status-publish","4":"format-standard","5":"has-post-thumbnail","7":"category-theme-features"},"_links":{"self":[{"href":"https:\/\/nordesteimprensa.com.br\/index.php\/wp-json\/wp\/v2\/posts\/6934","targetHints":{"allow":["GET"]}}],"collection":[{"href":"https:\/\/nordesteimprensa.com.br\/index.php\/wp-json\/wp\/v2\/posts"}],"about":[{"href":"https:\/\/nordesteimprensa.com.br\/index.php\/wp-json\/wp\/v2\/types\/post"}],"author":[{"embeddable":true,"href":"https:\/\/nordesteimprensa.com.br\/index.php\/wp-json\/wp\/v2\/users\/6"}],"replies":[{"embeddable":true,"href":"https:\/\/nordesteimprensa.com.br\/index.php\/wp-json\/wp\/v2\/comments?post=6934"}],"version-history":[{"count":1,"href":"https:\/\/nordesteimprensa.com.br\/index.php\/wp-json\/wp\/v2\/posts\/6934\/revisions"}],"predecessor-version":[{"id":6936,"href":"https:\/\/nordesteimprensa.com.br\/index.php\/wp-json\/wp\/v2\/posts\/6934\/revisions\/6936"}],"wp:featuredmedia":[{"embeddable":true,"href":"https:\/\/nordesteimprensa.com.br\/index.php\/wp-json\/wp\/v2\/media\/6935"}],"wp:attachment":[{"href":"https:\/\/nordesteimprensa.com.br\/index.php\/wp-json\/wp\/v2\/media?parent=6934"}],"wp:term":[{"taxonomy":"category","embeddable":true,"href":"https:\/\/nordesteimprensa.com.br\/index.php\/wp-json\/wp\/v2\/categories?post=6934"},{"taxonomy":"post_tag","embeddable":true,"href":"https:\/\/nordesteimprensa.com.br\/index.php\/wp-json\/wp\/v2\/tags?post=6934"}],"curies":[{"name":"wp","href":"https:\/\/api.w.org\/{rel}","templated":true}]}}