{"id":6937,"date":"2025-03-10T09:25:21","date_gmt":"2025-03-10T12:25:21","guid":{"rendered":"https:\/\/nordesteimprensa.com.br\/?p=6937"},"modified":"2025-03-10T09:25:22","modified_gmt":"2025-03-10T12:25:22","slug":"cehop-conclui-fiscalizacao-das-obras-de-restauracao-do-predio-que-abriga-museu-historico-de-sergipe","status":"publish","type":"post","link":"https:\/\/nordesteimprensa.com.br\/index.php\/2025\/03\/10\/cehop-conclui-fiscalizacao-das-obras-de-restauracao-do-predio-que-abriga-museu-historico-de-sergipe\/","title":{"rendered":"\u00a0Cehop conclui fiscaliza\u00e7\u00e3o das obras de restaura\u00e7\u00e3o do pr\u00e9dio que abriga Museu Hist\u00f3rico de Sergipe"},"content":{"rendered":"\n<p>&nbsp;Governo de Sergipe, por meio da Companhia Estadual de Habita\u00e7\u00e3o e Obras P\u00fablicas (Cehop), em parceria com a Funda\u00e7\u00e3o de Cultura e Arte Aperip\u00ea (Funcap), concluiu a fiscaliza\u00e7\u00e3o das obras de restaura\u00e7\u00e3o e revitaliza\u00e7\u00e3o do pr\u00e9dio que abriga o Museu Hist\u00f3rico de Sergipe (MHS). Localizada na Pra\u00e7a S\u00e3o Francisco, em S\u00e3o Crist\u00f3v\u00e3o, a edifica\u00e7\u00e3o constru\u00edda no s\u00e9culo XVIII e tombada pelo Instituto do Patrim\u00f4nio Hist\u00f3rico e Art\u00edstico Nacional (IPHAN) foi sede do governo quando a cidade ainda era a capital do Estado, al\u00e9m de j\u00e1 ter abrigado cadeia, escola, hospital e resid\u00eancia particular.<\/p>\n\n\n\n<p><a href=\"https:\/\/imagens.f5news.com.br\/arquivos\/2025\/03\/slide_1b72afa57652d2_715161741608242.jpeg\"><\/a>Ascom Cehop<\/p>\n\n\n\n<p>Os servi\u00e7os no espa\u00e7o de 1.363,82 m\u00b2 receberam investimentos na ordem de R$ 1.357.492,14, e contemplaram a restaura\u00e7\u00e3o da estrutura em madeira da cobertura, paredes e esquadrias, recupera\u00e7\u00e3o do forro e da estrutura de suporte em madeira, do reboco interno e externo, muro interno, piso, escadaria do p\u00e1tio interno, substitui\u00e7\u00e3o das instala\u00e7\u00f5es el\u00e9tricas, al\u00e9m da pintura interna e externa da edifica\u00e7\u00e3o.<\/p>\n\n\n\n<p>&#8220;O pr\u00e9dio faz parte da hist\u00f3ria de S\u00e3o Crist\u00f3v\u00e3o e, por conseguinte, de Sergipe, uma vez que j\u00e1 foi sede de \u00f3rg\u00e3os p\u00fablicos. Dessa forma, al\u00e9m de seguir o padr\u00e3o estabelecido em nossas fiscaliza\u00e7\u00f5es, tivemos o comprometimento em monitorar cada detalhe e assegurar que todas as caracter\u00edsticas originais fossem preservadas, refor\u00e7ando o comprometimento do Governo do Estado em zelar pelo patrim\u00f4nio p\u00fablico, ressalta o &nbsp;diretor-presidente da Cehop, Jorge Henrique Souza.&nbsp;<\/p>\n\n\n\n<p>Engenheira civil da Cehop e fiscal da obra, Marilu Guimar\u00e3es destaca que a restaura\u00e7\u00e3o seguiu todas as determina\u00e7\u00f5es exigidas. &#8220;Por ser um pr\u00e9dio tombado e possuir detalhes espec\u00edficos, os trabalhos seguiram crit\u00e9rios minuciosos. No entanto, a equipe t\u00e9cnica da Cehop junto aos profissionais do IPHAN asseguraram a precis\u00e3o dos servi\u00e7os e, como resultado, a revitaliza\u00e7\u00e3o do pr\u00e9dio representa um avan\u00e7o na preserva\u00e7\u00e3o do patrim\u00f4nio hist\u00f3rico de Sergipe\u201d, avalia.<\/p>\n\n\n\n<p>Morador de S\u00e3o Crist\u00f3v\u00e3o, o aposentado Gilvan Mendes tamb\u00e9m observou a execu\u00e7\u00e3o da obra e a fiscaliza\u00e7\u00e3o por parte do \u00f3rg\u00e3o estadual. &#8220;Acreditava no sucesso do projeto porque via sempre o pessoal da Cehop monitorando os servi\u00e7os e isso dava confian\u00e7a pra gente que mora aqui, pois assim dava pra perceber que os trabalhos de preserva\u00e7\u00e3o desse nosso patrim\u00f4nio estariam garantidos&#8221;, declara.<\/p>\n\n\n\n<p><strong>Hist\u00f3ria<\/strong><br>Fundado em 1960 com o objetivo de preservar a hist\u00f3ria do povo sergipano, o museu \u00e9 considerado o equipamento hist\u00f3rico e cultural mais antigo do Estado e tem como grande parcela do seu p\u00fablico, estudantes que visitam as exposi\u00e7\u00f5es ou utilizam os acervos para pesquisas, gerando novas informa\u00e7\u00f5es e abordagens. O acervo do MHS \u00e9 composto por mobili\u00e1rios, moedas raras, mapas, armas, decora\u00e7\u00f5es, entre outros objetos, al\u00e9m de pinturas de grandes nomes da hist\u00f3ria da arte no Brasil.<\/p>\n\n\n\n<p>Fonte: F5news<\/p>\n","protected":false},"excerpt":{"rendered":"<p>&nbsp;Governo de Sergipe, por meio da Companhia Estadual de Habita\u00e7\u00e3o e Obras P\u00fablicas (Cehop), em parceria com a Funda\u00e7\u00e3o de Cultura e Arte Aperip\u00ea (Funcap), concluiu a fiscaliza\u00e7\u00e3o das obras de restaura\u00e7\u00e3o e revitaliza\u00e7\u00e3o do pr\u00e9dio que abriga o Museu Hist\u00f3rico de Sergipe (MHS). Localizada na Pra\u00e7a S\u00e3o Francisco, em S\u00e3o Crist\u00f3v\u00e3o, a edifica\u00e7\u00e3o constru\u00edda [&hellip;]<\/p>\n","protected":false},"author":6,"featured_media":6938,"comment_status":"open","ping_status":"open","sticky":false,"template":"","format":"standard","meta":{"footnotes":""},"categories":[10],"tags":[],"class_list":{"0":"post-6937","1":"post","2":"type-post","3":"status-publish","4":"format-standard","5":"has-post-thumbnail","7":"category-theme-features"},"_links":{"self":[{"href":"https:\/\/nordesteimprensa.com.br\/index.php\/wp-json\/wp\/v2\/posts\/6937","targetHints":{"allow":["GET"]}}],"collection":[{"href":"https:\/\/nordesteimprensa.com.br\/index.php\/wp-json\/wp\/v2\/posts"}],"about":[{"href":"https:\/\/nordesteimprensa.com.br\/index.php\/wp-json\/wp\/v2\/types\/post"}],"author":[{"embeddable":true,"href":"https:\/\/nordesteimprensa.com.br\/index.php\/wp-json\/wp\/v2\/users\/6"}],"replies":[{"embeddable":true,"href":"https:\/\/nordesteimprensa.com.br\/index.php\/wp-json\/wp\/v2\/comments?post=6937"}],"version-history":[{"count":1,"href":"https:\/\/nordesteimprensa.com.br\/index.php\/wp-json\/wp\/v2\/posts\/6937\/revisions"}],"predecessor-version":[{"id":6939,"href":"https:\/\/nordesteimprensa.com.br\/index.php\/wp-json\/wp\/v2\/posts\/6937\/revisions\/6939"}],"wp:featuredmedia":[{"embeddable":true,"href":"https:\/\/nordesteimprensa.com.br\/index.php\/wp-json\/wp\/v2\/media\/6938"}],"wp:attachment":[{"href":"https:\/\/nordesteimprensa.com.br\/index.php\/wp-json\/wp\/v2\/media?parent=6937"}],"wp:term":[{"taxonomy":"category","embeddable":true,"href":"https:\/\/nordesteimprensa.com.br\/index.php\/wp-json\/wp\/v2\/categories?post=6937"},{"taxonomy":"post_tag","embeddable":true,"href":"https:\/\/nordesteimprensa.com.br\/index.php\/wp-json\/wp\/v2\/tags?post=6937"}],"curies":[{"name":"wp","href":"https:\/\/api.w.org\/{rel}","templated":true}]}}