{"id":6941,"date":"2025-03-11T10:05:42","date_gmt":"2025-03-11T13:05:42","guid":{"rendered":"https:\/\/nordesteimprensa.com.br\/?p=6941"},"modified":"2025-03-11T10:05:42","modified_gmt":"2025-03-11T13:05:42","slug":"concurso-de-gestor-publico-com-salario-de-r-12-400-esta-com-inscricoes-abertas","status":"publish","type":"post","link":"https:\/\/nordesteimprensa.com.br\/index.php\/2025\/03\/11\/concurso-de-gestor-publico-com-salario-de-r-12-400-esta-com-inscricoes-abertas\/","title":{"rendered":"\u00a0Concurso de gestor p\u00fablico com sal\u00e1rio de R$ 12.400 est\u00e1 com inscri\u00e7\u00f5es abertas"},"content":{"rendered":"\n<p>O governo de Sergipe lan\u00e7ou oficialmente o concurso para a carreira de Especialista em Pol\u00edticas P\u00fablicas e Gest\u00e3o Governamental (EPPGG), com a oferta de sete vagas para profissionais de qualquer forma\u00e7\u00e3o acad\u00eamica. As inscri\u00e7\u00f5es seguem at\u00e9 o dia 10 de abril, com sal\u00e1rio inicial de R$ 12.400.<\/p>\n\n\n\n<p>Organizado pela Funda\u00e7\u00e3o Get\u00falio Vargas (FGV), o concurso ser\u00e1 realizado em duas fases: a primeira fase inclui provas objetivas, discursivas e de t\u00edtulos, enquanto a segunda consistir\u00e1 em um curso de forma\u00e7\u00e3o. A taxa de inscri\u00e7\u00e3o \u00e9 de R$ 190, mas os candidatos podem solicitar isen\u00e7\u00e3o entre os dias 10 e 12 de mar\u00e7o.<\/p>\n\n\n\n<p>O concurso visa selecionar profissionais para atuar na cria\u00e7\u00e3o e implementa\u00e7\u00e3o de estrat\u00e9gias que contribuem para o desenvolvimento do Estado de Sergipe. A carreira de EPPGG foi criada pela Lei 4.302\/2000 e tem papel estrat\u00e9gico na gest\u00e3o estadual. Este ser\u00e1 o terceiro concurso da \u00e1rea, sendo precedido pelos certames de 2001-2002 e 2018.<\/p>\n\n\n\n<p>As provas objetivas est\u00e3o previstas para o dia 8 de junho de 2025. Mais detalhes podem ser consultados nos\u00a0portais da FGV\u00a0e da\u00a0Secretaria de Estado da Administra\u00e7\u00e3o\u00a0(Sead).<\/p>\n\n\n\n<p>Fonte: F5news<\/p>\n","protected":false},"excerpt":{"rendered":"<p>O governo de Sergipe lan\u00e7ou oficialmente o concurso para a carreira de Especialista em Pol\u00edticas P\u00fablicas e Gest\u00e3o Governamental (EPPGG), com a oferta de sete vagas para profissionais de qualquer forma\u00e7\u00e3o acad\u00eamica. As inscri\u00e7\u00f5es seguem at\u00e9 o dia 10 de abril, com sal\u00e1rio inicial de R$ 12.400. Organizado pela Funda\u00e7\u00e3o Get\u00falio Vargas (FGV), o concurso [&hellip;]<\/p>\n","protected":false},"author":6,"featured_media":6942,"comment_status":"open","ping_status":"open","sticky":false,"template":"","format":"standard","meta":{"footnotes":""},"categories":[10],"tags":[],"class_list":{"0":"post-6941","1":"post","2":"type-post","3":"status-publish","4":"format-standard","5":"has-post-thumbnail","7":"category-theme-features"},"_links":{"self":[{"href":"https:\/\/nordesteimprensa.com.br\/index.php\/wp-json\/wp\/v2\/posts\/6941","targetHints":{"allow":["GET"]}}],"collection":[{"href":"https:\/\/nordesteimprensa.com.br\/index.php\/wp-json\/wp\/v2\/posts"}],"about":[{"href":"https:\/\/nordesteimprensa.com.br\/index.php\/wp-json\/wp\/v2\/types\/post"}],"author":[{"embeddable":true,"href":"https:\/\/nordesteimprensa.com.br\/index.php\/wp-json\/wp\/v2\/users\/6"}],"replies":[{"embeddable":true,"href":"https:\/\/nordesteimprensa.com.br\/index.php\/wp-json\/wp\/v2\/comments?post=6941"}],"version-history":[{"count":1,"href":"https:\/\/nordesteimprensa.com.br\/index.php\/wp-json\/wp\/v2\/posts\/6941\/revisions"}],"predecessor-version":[{"id":6943,"href":"https:\/\/nordesteimprensa.com.br\/index.php\/wp-json\/wp\/v2\/posts\/6941\/revisions\/6943"}],"wp:featuredmedia":[{"embeddable":true,"href":"https:\/\/nordesteimprensa.com.br\/index.php\/wp-json\/wp\/v2\/media\/6942"}],"wp:attachment":[{"href":"https:\/\/nordesteimprensa.com.br\/index.php\/wp-json\/wp\/v2\/media?parent=6941"}],"wp:term":[{"taxonomy":"category","embeddable":true,"href":"https:\/\/nordesteimprensa.com.br\/index.php\/wp-json\/wp\/v2\/categories?post=6941"},{"taxonomy":"post_tag","embeddable":true,"href":"https:\/\/nordesteimprensa.com.br\/index.php\/wp-json\/wp\/v2\/tags?post=6941"}],"curies":[{"name":"wp","href":"https:\/\/api.w.org\/{rel}","templated":true}]}}