{"id":6947,"date":"2025-03-12T10:05:13","date_gmt":"2025-03-12T13:05:13","guid":{"rendered":"https:\/\/nordesteimprensa.com.br\/?p=6947"},"modified":"2025-03-12T10:05:13","modified_gmt":"2025-03-12T13:05:13","slug":"stf-amplia-lei-maria-da-penha-para-mulheres-trans-e-casais-homoafetivos-masculinos","status":"publish","type":"post","link":"https:\/\/nordesteimprensa.com.br\/index.php\/2025\/03\/12\/stf-amplia-lei-maria-da-penha-para-mulheres-trans-e-casais-homoafetivos-masculinos\/","title":{"rendered":"STF amplia Lei Maria da Penha para mulheres trans e casais homoafetivos masculinos"},"content":{"rendered":"\n<p>upremo Tribunal Federal (STF) decidiu que a Lei Maria da Penha passa a proteger, al\u00e9m das mulheres cisg\u00eanero, travestis e transexuais, bem como casais homoafetivos formados por homens em casos de viol\u00eancia dom\u00e9stica. A medida, v\u00e1lida em todo o territ\u00f3rio nacional, refor\u00e7a o combate \u00e0 viol\u00eancia no \u00e2mbito familiar e amplia o acesso a medidas protetivas.<\/p>\n\n\n\n<p>A decis\u00e3o, proferida em 21 de fevereiro, impacta diretamente a atua\u00e7\u00e3o da rede de prote\u00e7\u00e3o, como o Departamento de Atendimento a Grupos Vulner\u00e1veis (DAGV), da Pol\u00edcia Civil de Sergipe. Segundo a delegada Meire Mansuet, titular da Delegacia Especial de Crimes Homof\u00f3bicos, Raciais e de Intoler\u00e2ncia (DEACHRI), no estado, mulheres trans e travestis j\u00e1 eram contempladas por decis\u00f5es judiciais locais. No entanto, para casais homoafetivos masculinos, a aplica\u00e7\u00e3o da legisla\u00e7\u00e3o representa um avan\u00e7o significativo.<\/p>\n\n\n\n<p>\u201cAntes, esses casos eram enquadrados apenas na legisla\u00e7\u00e3o penal comum, o que demandava um tempo maior para a concess\u00e3o de medidas protetivas. Agora, com a decis\u00e3o do STF, essas medidas poder\u00e3o ser decretadas em at\u00e9 48 horas, garantindo mais seguran\u00e7a \u00e0s v\u00edtimas\u201d, explicou a delegada.<\/p>\n\n\n\n<p><strong>Den\u00fancias e atendimento \u00e0s v\u00edtimas<\/strong><\/p>\n\n\n\n<p>A Lei Maria da Penha (Lei n\u00ba 11.340\/2006) foi criada para combater a viol\u00eancia dom\u00e9stica contra a mulher e leva o nome de Maria da Penha Maia Fernandes, v\u00edtima de dupla tentativa de feminic\u00eddio em 1983. Ao longo dos anos, a legisla\u00e7\u00e3o passou por modifica\u00e7\u00f5es para ampliar sua abrang\u00eancia, como ocorreu com a recente decis\u00e3o do STF.<\/p>\n\n\n\n<p>As v\u00edtimas de viol\u00eancia dom\u00e9stica podem registrar boletins de ocorr\u00eancia no DAGV, nas Delegacias de Atendimento \u00e0 Mulher e Demais Grupos Vulner\u00e1veis (DEAGVs) ou em qualquer delegacia da Pol\u00edcia Civil. Tamb\u00e9m \u00e9 poss\u00edvel registrar a ocorr\u00eancia online pela Delegacia<\/p>\n\n\n\n<p>Den\u00fancias podem ser feitas pelo telefone 190, da Pol\u00edcia Militar, para casos de flagrante, ou pelo Disque-Den\u00fancia da Pol\u00edcia Civil, no n\u00famero 181. O sigilo do denunciante \u00e9 garantido.<\/p>\n\n\n\n<p>Fonte: Portal Itnet<\/p>\n","protected":false},"excerpt":{"rendered":"<p>upremo Tribunal Federal (STF) decidiu que a Lei Maria da Penha passa a proteger, al\u00e9m das mulheres cisg\u00eanero, travestis e transexuais, bem como casais homoafetivos formados por homens em casos de viol\u00eancia dom\u00e9stica. A medida, v\u00e1lida em todo o territ\u00f3rio nacional, refor\u00e7a o combate \u00e0 viol\u00eancia no \u00e2mbito familiar e amplia o acesso a medidas [&hellip;]<\/p>\n","protected":false},"author":6,"featured_media":6948,"comment_status":"open","ping_status":"open","sticky":false,"template":"","format":"standard","meta":{"footnotes":""},"categories":[10],"tags":[],"class_list":{"0":"post-6947","1":"post","2":"type-post","3":"status-publish","4":"format-standard","5":"has-post-thumbnail","7":"category-theme-features"},"_links":{"self":[{"href":"https:\/\/nordesteimprensa.com.br\/index.php\/wp-json\/wp\/v2\/posts\/6947","targetHints":{"allow":["GET"]}}],"collection":[{"href":"https:\/\/nordesteimprensa.com.br\/index.php\/wp-json\/wp\/v2\/posts"}],"about":[{"href":"https:\/\/nordesteimprensa.com.br\/index.php\/wp-json\/wp\/v2\/types\/post"}],"author":[{"embeddable":true,"href":"https:\/\/nordesteimprensa.com.br\/index.php\/wp-json\/wp\/v2\/users\/6"}],"replies":[{"embeddable":true,"href":"https:\/\/nordesteimprensa.com.br\/index.php\/wp-json\/wp\/v2\/comments?post=6947"}],"version-history":[{"count":1,"href":"https:\/\/nordesteimprensa.com.br\/index.php\/wp-json\/wp\/v2\/posts\/6947\/revisions"}],"predecessor-version":[{"id":6949,"href":"https:\/\/nordesteimprensa.com.br\/index.php\/wp-json\/wp\/v2\/posts\/6947\/revisions\/6949"}],"wp:featuredmedia":[{"embeddable":true,"href":"https:\/\/nordesteimprensa.com.br\/index.php\/wp-json\/wp\/v2\/media\/6948"}],"wp:attachment":[{"href":"https:\/\/nordesteimprensa.com.br\/index.php\/wp-json\/wp\/v2\/media?parent=6947"}],"wp:term":[{"taxonomy":"category","embeddable":true,"href":"https:\/\/nordesteimprensa.com.br\/index.php\/wp-json\/wp\/v2\/categories?post=6947"},{"taxonomy":"post_tag","embeddable":true,"href":"https:\/\/nordesteimprensa.com.br\/index.php\/wp-json\/wp\/v2\/tags?post=6947"}],"curies":[{"name":"wp","href":"https:\/\/api.w.org\/{rel}","templated":true}]}}