{"id":6953,"date":"2025-03-12T15:02:50","date_gmt":"2025-03-12T18:02:50","guid":{"rendered":"https:\/\/nordesteimprensa.com.br\/?p=6953"},"modified":"2025-03-12T15:02:51","modified_gmt":"2025-03-12T18:02:51","slug":"em-meio-a-alta-de-precos-pelo-pais-governo-de-sergipe-adota-reducao-no-icms-para-aliviar-o-bolso-do-sergipano","status":"publish","type":"post","link":"https:\/\/nordesteimprensa.com.br\/index.php\/2025\/03\/12\/em-meio-a-alta-de-precos-pelo-pais-governo-de-sergipe-adota-reducao-no-icms-para-aliviar-o-bolso-do-sergipano\/","title":{"rendered":"Em meio \u00e0 alta de pre\u00e7os pelo pa\u00eds, Governo de Sergipe adota redu\u00e7\u00e3o no ICMS para aliviar o bolso do sergipano"},"content":{"rendered":"\n<p>O governo federal prop\u00f4s que os governadores de cada Estado zerem o Imposto sobre a Circula\u00e7\u00e3o de Mercadorias e Servi\u00e7os (ICMS) da cesta b\u00e1sica. Em Sergipe, a gest\u00e3o j\u00e1 havia adotado essas medidas fiscais para aliviar a press\u00e3o no bolso da popula\u00e7\u00e3o.<\/p>\n\n\n\n<p>De acordo com o governo do Estado, alimentos fundamentais como farinha de mandioca, hortali\u00e7as, verduras, frutas frescas e ovos est\u00e3o isentos do ICMS. Ou seja, esses produtos essenciais agora pesam menos no or\u00e7amento familiar.<\/p>\n\n\n\n<p>Al\u00e9m disso, carnes de boi e porco abatidas dentro do territ\u00f3rio sergipano tamb\u00e9m est\u00e3o livres de tributa\u00e7\u00f5es. A medida se estende ainda a outros itens essenciais, com a al\u00edquota reduzida: arroz, feij\u00e3o, caf\u00e9, manteiga e leite pasteurizado t\u00eam agora uma taxa reduzida de 2,1%.<\/p>\n\n\n\n<p>Produtos como sab\u00e3o em barra, leite em p\u00f3 e charque, que s\u00e3o consumidos em larga escala pela popula\u00e7\u00e3o, tamb\u00e9m t\u00eam uma al\u00edquota mais baixa, de 3,6%.<\/p>\n\n\n\n<p>Essas a\u00e7\u00f5es fazem parte de um pacote de medidas do governo de F\u00e1bio Mitidieri (PSD) para mitigar os efeitos da alta de pre\u00e7os, que tem gerado dificuldades financeiras para muitas fam\u00edlias. \u201cSeguimos trabalhando para garantir a seguran\u00e7a alimentar das fam\u00edlias sergipanas e fortalecer o desenvolvimento socioecon\u00f4mico do estado!\u201d, afirmou o governador.<\/p>\n","protected":false},"excerpt":{"rendered":"<p>O governo federal prop\u00f4s que os governadores de cada Estado zerem o Imposto sobre a Circula\u00e7\u00e3o de Mercadorias e Servi\u00e7os (ICMS) da cesta b\u00e1sica. Em Sergipe, a gest\u00e3o j\u00e1 havia adotado essas medidas fiscais para aliviar a press\u00e3o no bolso da popula\u00e7\u00e3o. De acordo com o governo do Estado, alimentos fundamentais como farinha de mandioca, [&hellip;]<\/p>\n","protected":false},"author":6,"featured_media":6954,"comment_status":"open","ping_status":"open","sticky":false,"template":"","format":"standard","meta":{"footnotes":""},"categories":[10],"tags":[],"class_list":{"0":"post-6953","1":"post","2":"type-post","3":"status-publish","4":"format-standard","5":"has-post-thumbnail","7":"category-theme-features"},"_links":{"self":[{"href":"https:\/\/nordesteimprensa.com.br\/index.php\/wp-json\/wp\/v2\/posts\/6953","targetHints":{"allow":["GET"]}}],"collection":[{"href":"https:\/\/nordesteimprensa.com.br\/index.php\/wp-json\/wp\/v2\/posts"}],"about":[{"href":"https:\/\/nordesteimprensa.com.br\/index.php\/wp-json\/wp\/v2\/types\/post"}],"author":[{"embeddable":true,"href":"https:\/\/nordesteimprensa.com.br\/index.php\/wp-json\/wp\/v2\/users\/6"}],"replies":[{"embeddable":true,"href":"https:\/\/nordesteimprensa.com.br\/index.php\/wp-json\/wp\/v2\/comments?post=6953"}],"version-history":[{"count":1,"href":"https:\/\/nordesteimprensa.com.br\/index.php\/wp-json\/wp\/v2\/posts\/6953\/revisions"}],"predecessor-version":[{"id":6955,"href":"https:\/\/nordesteimprensa.com.br\/index.php\/wp-json\/wp\/v2\/posts\/6953\/revisions\/6955"}],"wp:featuredmedia":[{"embeddable":true,"href":"https:\/\/nordesteimprensa.com.br\/index.php\/wp-json\/wp\/v2\/media\/6954"}],"wp:attachment":[{"href":"https:\/\/nordesteimprensa.com.br\/index.php\/wp-json\/wp\/v2\/media?parent=6953"}],"wp:term":[{"taxonomy":"category","embeddable":true,"href":"https:\/\/nordesteimprensa.com.br\/index.php\/wp-json\/wp\/v2\/categories?post=6953"},{"taxonomy":"post_tag","embeddable":true,"href":"https:\/\/nordesteimprensa.com.br\/index.php\/wp-json\/wp\/v2\/tags?post=6953"}],"curies":[{"name":"wp","href":"https:\/\/api.w.org\/{rel}","templated":true}]}}