{"id":6958,"date":"2025-03-13T09:41:58","date_gmt":"2025-03-13T12:41:58","guid":{"rendered":"https:\/\/nordesteimprensa.com.br\/?p=6958"},"modified":"2025-03-13T09:41:58","modified_gmt":"2025-03-13T12:41:58","slug":"suspeito-e-preso-apos-furtar-pneus-de-atacadista-e-fugir-de-taxi-em-nossa-senhora-do-socorro","status":"publish","type":"post","link":"https:\/\/nordesteimprensa.com.br\/index.php\/2025\/03\/13\/suspeito-e-preso-apos-furtar-pneus-de-atacadista-e-fugir-de-taxi-em-nossa-senhora-do-socorro\/","title":{"rendered":"Suspeito \u00e9 preso ap\u00f3s furtar pneus de atacadista e fugir de t\u00e1xi em Nossa Senhora do Socorro"},"content":{"rendered":"\n<p>Nesta quarta-feira (12), um homem foi preso em flagrante suspeito de furtar quatro pneus de uma grande rede atacadista em Nossa Senhora do Socorro, na Grande Aracaju.&nbsp;<\/p>\n\n\n\n<p><a href=\"https:\/\/imagens.f5news.com.br\/arquivos\/2025\/03\/suspeito-e-preso-apo_258721741810150.jpeg\"><\/a>Pol\u00edcia C\u00edvil\/Reprodu\u00e7\u00e3o<\/p>\n\n\n\n<p>O crime ocorreu na parte externa do estabelecimento, onde o investigado cortou o arame que prendia os pneus do mostru\u00e1rio e, em seguida, chamou um t\u00e1xi para fugir com os objetos furtados.<\/p>\n\n\n\n<p>De acordo com a Pol\u00edcia Civil, ap\u00f3s a den\u00fancia do furto, os agentes iniciaram as investiga\u00e7\u00f5es e conseguiram identificar o autor do crime. O suspeito foi localizado em sua resid\u00eancia, onde os pneus furtados foram encontrados e recuperados.&nbsp;<\/p>\n\n\n\n<p>O homem, que j\u00e1 tem diversos registros criminais por furtos, foi detido e est\u00e1 \u00e0 disposi\u00e7\u00e3o da Justi\u00e7a, aguardando a audi\u00eancia de cust\u00f3dia.<\/p>\n\n\n\n<p>A Pol\u00edcia Civil segue com as investiga\u00e7\u00f5es sobre o caso e pede a colabora\u00e7\u00e3o da popula\u00e7\u00e3o para o combate \u00e0 criminalidade. Informa\u00e7\u00f5es podem ser repassadas por meio do Disque-Den\u00fancia, n\u00famero 181, com garantia de sigilo para os denunciantes.<\/p>\n\n\n\n<p>Fonte: F5news<\/p>\n","protected":false},"excerpt":{"rendered":"<p>Nesta quarta-feira (12), um homem foi preso em flagrante suspeito de furtar quatro pneus de uma grande rede atacadista em Nossa Senhora do Socorro, na Grande Aracaju.&nbsp; Pol\u00edcia C\u00edvil\/Reprodu\u00e7\u00e3o O crime ocorreu na parte externa do estabelecimento, onde o investigado cortou o arame que prendia os pneus do mostru\u00e1rio e, em seguida, chamou um t\u00e1xi [&hellip;]<\/p>\n","protected":false},"author":6,"featured_media":6959,"comment_status":"open","ping_status":"open","sticky":false,"template":"","format":"standard","meta":{"footnotes":""},"categories":[10],"tags":[],"class_list":{"0":"post-6958","1":"post","2":"type-post","3":"status-publish","4":"format-standard","5":"has-post-thumbnail","7":"category-theme-features"},"_links":{"self":[{"href":"https:\/\/nordesteimprensa.com.br\/index.php\/wp-json\/wp\/v2\/posts\/6958","targetHints":{"allow":["GET"]}}],"collection":[{"href":"https:\/\/nordesteimprensa.com.br\/index.php\/wp-json\/wp\/v2\/posts"}],"about":[{"href":"https:\/\/nordesteimprensa.com.br\/index.php\/wp-json\/wp\/v2\/types\/post"}],"author":[{"embeddable":true,"href":"https:\/\/nordesteimprensa.com.br\/index.php\/wp-json\/wp\/v2\/users\/6"}],"replies":[{"embeddable":true,"href":"https:\/\/nordesteimprensa.com.br\/index.php\/wp-json\/wp\/v2\/comments?post=6958"}],"version-history":[{"count":1,"href":"https:\/\/nordesteimprensa.com.br\/index.php\/wp-json\/wp\/v2\/posts\/6958\/revisions"}],"predecessor-version":[{"id":6960,"href":"https:\/\/nordesteimprensa.com.br\/index.php\/wp-json\/wp\/v2\/posts\/6958\/revisions\/6960"}],"wp:featuredmedia":[{"embeddable":true,"href":"https:\/\/nordesteimprensa.com.br\/index.php\/wp-json\/wp\/v2\/media\/6959"}],"wp:attachment":[{"href":"https:\/\/nordesteimprensa.com.br\/index.php\/wp-json\/wp\/v2\/media?parent=6958"}],"wp:term":[{"taxonomy":"category","embeddable":true,"href":"https:\/\/nordesteimprensa.com.br\/index.php\/wp-json\/wp\/v2\/categories?post=6958"},{"taxonomy":"post_tag","embeddable":true,"href":"https:\/\/nordesteimprensa.com.br\/index.php\/wp-json\/wp\/v2\/tags?post=6958"}],"curies":[{"name":"wp","href":"https:\/\/api.w.org\/{rel}","templated":true}]}}