{"id":6966,"date":"2025-03-14T09:53:28","date_gmt":"2025-03-14T12:53:28","guid":{"rendered":"https:\/\/nordesteimprensa.com.br\/?p=6966"},"modified":"2025-03-14T09:53:28","modified_gmt":"2025-03-14T12:53:28","slug":"homem-e-preso-por-trafico-de-drogas-no-povoado-serra-do-machado-em-ribeiropolis","status":"publish","type":"post","link":"https:\/\/nordesteimprensa.com.br\/index.php\/2025\/03\/14\/homem-e-preso-por-trafico-de-drogas-no-povoado-serra-do-machado-em-ribeiropolis\/","title":{"rendered":"HOMEM \u00c9 PRESO POR TR\u00c1FICO DE DROGAS NO POVOADO SERRA DO MACHADO, EM RIBEIR\u00d3POLIS"},"content":{"rendered":"\n<p>Na \u00faltima ter\u00e7a-feira (11), uma equipe do Batalh\u00e3o de Pol\u00edcia de Caatinga (BPCaatinga) realizou a pris\u00e3o de um homem suspeito de tr\u00e1fico de drogas no Povoado Serra do Machado, localizado no munic\u00edpio de Ribeir\u00f3polis. Durante a a\u00e7\u00e3o, foram apreendidos mais de 5 kg de maconha.<\/p>\n\n\n\n<p>Os policiais realizavam patrulhamento na zona rural de Ribeir\u00f3polis quando receberam informa\u00e7\u00f5es de que um homem estaria transportando entorpecentes em um ve\u00edculo Toyota Corolla de cor branca. Ao localizarem o autom\u00f3vel, a equipe tentou abord\u00e1-lo, mas o motorista tentou fugir em alta velocidade.<\/p>\n\n\n\n<p>Durante a persegui\u00e7\u00e3o, o suspeito arremessou um saco pl\u00e1stico pela janela do carro. A equipe policial conseguiu interceptar o ve\u00edculo e recuperar o saco, que continha aproximadamente 3 kg de maconha. No interior do carro, foram encontrados mais dois tabletes da mesma subst\u00e2ncia, totalizando mais de 5 kg de drogas apreendidas. Al\u00e9m dos entorpecentes, os policiais tamb\u00e9m encontraram a quantia de R$ 656,00 em dinheiro.<\/p>\n\n\n\n<p>Diante dos fatos, o suspeito e todo o material apreendido foram encaminhados \u00e0 delegacia para a ado\u00e7\u00e3o das medidas legais cab\u00edveis. A a\u00e7\u00e3o refor\u00e7a o compromisso das for\u00e7as de seguran\u00e7a no combate ao tr\u00e1fico de drogas na regi\u00e3o.<\/p>\n\n\n\n<p>Fonte: Portal itnet<\/p>\n","protected":false},"excerpt":{"rendered":"<p>Na \u00faltima ter\u00e7a-feira (11), uma equipe do Batalh\u00e3o de Pol\u00edcia de Caatinga (BPCaatinga) realizou a pris\u00e3o de um homem suspeito de tr\u00e1fico de drogas no Povoado Serra do Machado, localizado no munic\u00edpio de Ribeir\u00f3polis. Durante a a\u00e7\u00e3o, foram apreendidos mais de 5 kg de maconha. Os policiais realizavam patrulhamento na zona rural de Ribeir\u00f3polis quando [&hellip;]<\/p>\n","protected":false},"author":6,"featured_media":6967,"comment_status":"open","ping_status":"open","sticky":false,"template":"","format":"standard","meta":{"footnotes":""},"categories":[10],"tags":[],"class_list":{"0":"post-6966","1":"post","2":"type-post","3":"status-publish","4":"format-standard","5":"has-post-thumbnail","7":"category-theme-features"},"_links":{"self":[{"href":"https:\/\/nordesteimprensa.com.br\/index.php\/wp-json\/wp\/v2\/posts\/6966","targetHints":{"allow":["GET"]}}],"collection":[{"href":"https:\/\/nordesteimprensa.com.br\/index.php\/wp-json\/wp\/v2\/posts"}],"about":[{"href":"https:\/\/nordesteimprensa.com.br\/index.php\/wp-json\/wp\/v2\/types\/post"}],"author":[{"embeddable":true,"href":"https:\/\/nordesteimprensa.com.br\/index.php\/wp-json\/wp\/v2\/users\/6"}],"replies":[{"embeddable":true,"href":"https:\/\/nordesteimprensa.com.br\/index.php\/wp-json\/wp\/v2\/comments?post=6966"}],"version-history":[{"count":1,"href":"https:\/\/nordesteimprensa.com.br\/index.php\/wp-json\/wp\/v2\/posts\/6966\/revisions"}],"predecessor-version":[{"id":6968,"href":"https:\/\/nordesteimprensa.com.br\/index.php\/wp-json\/wp\/v2\/posts\/6966\/revisions\/6968"}],"wp:featuredmedia":[{"embeddable":true,"href":"https:\/\/nordesteimprensa.com.br\/index.php\/wp-json\/wp\/v2\/media\/6967"}],"wp:attachment":[{"href":"https:\/\/nordesteimprensa.com.br\/index.php\/wp-json\/wp\/v2\/media?parent=6966"}],"wp:term":[{"taxonomy":"category","embeddable":true,"href":"https:\/\/nordesteimprensa.com.br\/index.php\/wp-json\/wp\/v2\/categories?post=6966"},{"taxonomy":"post_tag","embeddable":true,"href":"https:\/\/nordesteimprensa.com.br\/index.php\/wp-json\/wp\/v2\/tags?post=6966"}],"curies":[{"name":"wp","href":"https:\/\/api.w.org\/{rel}","templated":true}]}}