{"id":6978,"date":"2025-03-17T09:49:56","date_gmt":"2025-03-17T12:49:56","guid":{"rendered":"https:\/\/nordesteimprensa.com.br\/?p=6978"},"modified":"2025-03-17T09:49:57","modified_gmt":"2025-03-17T12:49:57","slug":"balanco-bprv-quatro-mortes-sao-registradas-em-acidentes-em-rodovias-estaduais-no-fim-de-semana","status":"publish","type":"post","link":"https:\/\/nordesteimprensa.com.br\/index.php\/2025\/03\/17\/balanco-bprv-quatro-mortes-sao-registradas-em-acidentes-em-rodovias-estaduais-no-fim-de-semana\/","title":{"rendered":"BALAN\u00c7O BPRV: QUATRO MORTES S\u00c3O REGISTRADAS EM ACIDENTES EM RODOVIAS ESTADUAIS NO FIM DE SEMANA"},"content":{"rendered":"\n<p>O Batalh\u00e3o de Pol\u00edcia Rodovi\u00e1ria (BPRv) divulgou nesta segunda-feira, 17, o balan\u00e7o dos acidentes registrados neste fim de semana nas rodovias estaduais. Tr\u00eas sinistros foram contabilizados, resultando em quatro \u00f3bitos e uma pessoa hospitalizada.<\/p>\n\n\n\n<p>Na sexta-feira, 14, na SE-100, em Itaporanga D\u2019 Ajuda, uma colis\u00e3o traseira entre um autom\u00f3vel e uma motocicleta de motocross deixou uma v\u00edtima hospitalizada. O condutor da moto n\u00e3o possu\u00eda habilita\u00e7\u00e3o, e o ve\u00edculo foi removido ao p\u00e1tio.<\/p>\n\n\n\n<p>No s\u00e1bado, 15, na SE-170, em Lagarto, uma motocicleta colidiu com um cavalo que estava solto na pista. O acidente resultou na morte de duas pessoas no local. A moto foi liberada por n\u00e3o possuir restri\u00e7\u00f5es.<\/p>\n\n\n\n<p>Ainda no s\u00e1bado, na SE-170, no povoado Bras\u00edlia em Lagarto, uma colis\u00e3o frontal entre um autom\u00f3vel e uma motocicleta deixou dois mortos. Os ocupantes da moto faleceram no local, enquanto o condutor do carro saiu ileso e testou negativo no exame do etil\u00f4metro. A motocicleta foi removida por estar com o licenciamento vencido.<\/p>\n\n\n\n<p>Fonte: Fanf1<\/p>\n","protected":false},"excerpt":{"rendered":"<p>O Batalh\u00e3o de Pol\u00edcia Rodovi\u00e1ria (BPRv) divulgou nesta segunda-feira, 17, o balan\u00e7o dos acidentes registrados neste fim de semana nas rodovias estaduais. Tr\u00eas sinistros foram contabilizados, resultando em quatro \u00f3bitos e uma pessoa hospitalizada. Na sexta-feira, 14, na SE-100, em Itaporanga D\u2019 Ajuda, uma colis\u00e3o traseira entre um autom\u00f3vel e uma motocicleta de motocross deixou [&hellip;]<\/p>\n","protected":false},"author":6,"featured_media":6979,"comment_status":"open","ping_status":"open","sticky":false,"template":"","format":"standard","meta":{"footnotes":""},"categories":[10],"tags":[],"class_list":{"0":"post-6978","1":"post","2":"type-post","3":"status-publish","4":"format-standard","5":"has-post-thumbnail","7":"category-theme-features"},"_links":{"self":[{"href":"https:\/\/nordesteimprensa.com.br\/index.php\/wp-json\/wp\/v2\/posts\/6978","targetHints":{"allow":["GET"]}}],"collection":[{"href":"https:\/\/nordesteimprensa.com.br\/index.php\/wp-json\/wp\/v2\/posts"}],"about":[{"href":"https:\/\/nordesteimprensa.com.br\/index.php\/wp-json\/wp\/v2\/types\/post"}],"author":[{"embeddable":true,"href":"https:\/\/nordesteimprensa.com.br\/index.php\/wp-json\/wp\/v2\/users\/6"}],"replies":[{"embeddable":true,"href":"https:\/\/nordesteimprensa.com.br\/index.php\/wp-json\/wp\/v2\/comments?post=6978"}],"version-history":[{"count":1,"href":"https:\/\/nordesteimprensa.com.br\/index.php\/wp-json\/wp\/v2\/posts\/6978\/revisions"}],"predecessor-version":[{"id":6980,"href":"https:\/\/nordesteimprensa.com.br\/index.php\/wp-json\/wp\/v2\/posts\/6978\/revisions\/6980"}],"wp:featuredmedia":[{"embeddable":true,"href":"https:\/\/nordesteimprensa.com.br\/index.php\/wp-json\/wp\/v2\/media\/6979"}],"wp:attachment":[{"href":"https:\/\/nordesteimprensa.com.br\/index.php\/wp-json\/wp\/v2\/media?parent=6978"}],"wp:term":[{"taxonomy":"category","embeddable":true,"href":"https:\/\/nordesteimprensa.com.br\/index.php\/wp-json\/wp\/v2\/categories?post=6978"},{"taxonomy":"post_tag","embeddable":true,"href":"https:\/\/nordesteimprensa.com.br\/index.php\/wp-json\/wp\/v2\/tags?post=6978"}],"curies":[{"name":"wp","href":"https:\/\/api.w.org\/{rel}","templated":true}]}}