{"id":6981,"date":"2025-03-17T09:51:28","date_gmt":"2025-03-17T12:51:28","guid":{"rendered":"https:\/\/nordesteimprensa.com.br\/?p=6981"},"modified":"2025-03-17T09:51:28","modified_gmt":"2025-03-17T12:51:28","slug":"torcedores-podem-levar-itens-de-torcida-para-estadios-durante-campeonato-sergipano","status":"publish","type":"post","link":"https:\/\/nordesteimprensa.com.br\/index.php\/2025\/03\/17\/torcedores-podem-levar-itens-de-torcida-para-estadios-durante-campeonato-sergipano\/","title":{"rendered":"Torcedores podem levar itens de torcida para est\u00e1dios durante Campeonato Sergipano"},"content":{"rendered":"\n<p>A partir dos pr\u00f3ximos jogos da reta final do Campeonato Sergipano, est\u00e1 autorizada a entrada de torcedores, que n\u00e3o sejam integrantes de torcidas organizadas, com charangas, bandeiras, faixas e outros apetrechos t\u00edpicos das arquibancadas dos est\u00e1dios. A medida foi acordada entre a Secretaria de Seguran\u00e7a P\u00fablica (SSP) e a Federa\u00e7\u00e3o Sergipana de Futebol (FSF).<\/p>\n\n\n\n<p>A SSP ressalta que a portaria n\u00ba 334\/2024 continua em vigor. Assim, conforme a delibera\u00e7\u00e3o institu\u00edda e divulgada no ano passado, torcidas organizadas seguem proibidas de acessar os est\u00e1dios.&nbsp;<\/p>\n\n\n\n<p>Al\u00e9m disso, conforme a portaria amplamente divulgada em 2024, os integrantes de torcidas organizadas somente poder\u00e3o entrar nos est\u00e1dios de forma individual, desde que apresentem a documenta\u00e7\u00e3o exigida para comprovar o cadastro regular junto \u00e0 SSP e aos demais \u00f3rg\u00e3os fiscalizadores.<\/p>\n\n\n\n<p>Fonte: A8se<\/p>\n","protected":false},"excerpt":{"rendered":"<p>A partir dos pr\u00f3ximos jogos da reta final do Campeonato Sergipano, est\u00e1 autorizada a entrada de torcedores, que n\u00e3o sejam integrantes de torcidas organizadas, com charangas, bandeiras, faixas e outros apetrechos t\u00edpicos das arquibancadas dos est\u00e1dios. A medida foi acordada entre a Secretaria de Seguran\u00e7a P\u00fablica (SSP) e a Federa\u00e7\u00e3o Sergipana de Futebol (FSF). A [&hellip;]<\/p>\n","protected":false},"author":6,"featured_media":6982,"comment_status":"open","ping_status":"open","sticky":false,"template":"","format":"standard","meta":{"footnotes":""},"categories":[10],"tags":[],"class_list":{"0":"post-6981","1":"post","2":"type-post","3":"status-publish","4":"format-standard","5":"has-post-thumbnail","7":"category-theme-features"},"_links":{"self":[{"href":"https:\/\/nordesteimprensa.com.br\/index.php\/wp-json\/wp\/v2\/posts\/6981","targetHints":{"allow":["GET"]}}],"collection":[{"href":"https:\/\/nordesteimprensa.com.br\/index.php\/wp-json\/wp\/v2\/posts"}],"about":[{"href":"https:\/\/nordesteimprensa.com.br\/index.php\/wp-json\/wp\/v2\/types\/post"}],"author":[{"embeddable":true,"href":"https:\/\/nordesteimprensa.com.br\/index.php\/wp-json\/wp\/v2\/users\/6"}],"replies":[{"embeddable":true,"href":"https:\/\/nordesteimprensa.com.br\/index.php\/wp-json\/wp\/v2\/comments?post=6981"}],"version-history":[{"count":1,"href":"https:\/\/nordesteimprensa.com.br\/index.php\/wp-json\/wp\/v2\/posts\/6981\/revisions"}],"predecessor-version":[{"id":6983,"href":"https:\/\/nordesteimprensa.com.br\/index.php\/wp-json\/wp\/v2\/posts\/6981\/revisions\/6983"}],"wp:featuredmedia":[{"embeddable":true,"href":"https:\/\/nordesteimprensa.com.br\/index.php\/wp-json\/wp\/v2\/media\/6982"}],"wp:attachment":[{"href":"https:\/\/nordesteimprensa.com.br\/index.php\/wp-json\/wp\/v2\/media?parent=6981"}],"wp:term":[{"taxonomy":"category","embeddable":true,"href":"https:\/\/nordesteimprensa.com.br\/index.php\/wp-json\/wp\/v2\/categories?post=6981"},{"taxonomy":"post_tag","embeddable":true,"href":"https:\/\/nordesteimprensa.com.br\/index.php\/wp-json\/wp\/v2\/tags?post=6981"}],"curies":[{"name":"wp","href":"https:\/\/api.w.org\/{rel}","templated":true}]}}