{"id":6988,"date":"2025-03-19T10:28:50","date_gmt":"2025-03-19T13:28:50","guid":{"rendered":"https:\/\/nordesteimprensa.com.br\/?p=6988"},"modified":"2025-03-19T10:28:50","modified_gmt":"2025-03-19T13:28:50","slug":"adema-flagra-abate-clandestino-de-aves-em-cedro-de-sao-joao","status":"publish","type":"post","link":"https:\/\/nordesteimprensa.com.br\/index.php\/2025\/03\/19\/adema-flagra-abate-clandestino-de-aves-em-cedro-de-sao-joao\/","title":{"rendered":"Adema flagra abate clandestino de aves em Cedro de S\u00e3o Jo\u00e3o"},"content":{"rendered":"\n<p>A Administra\u00e7\u00e3o Estadual do Meio Ambiente (Adema) flagrou, nesta ter\u00e7a-feira (18), a realiza\u00e7\u00e3o de abate clandestino de aves no munic\u00edpio de\u00a0Cedro de S\u00e3o Jo\u00e3o. A equipe constatou a presen\u00e7a de diversos animais abatidos em situa\u00e7\u00e3o prec\u00e1ria, al\u00e9m do descarte irregular de res\u00edduos n\u00e3o aproveit\u00e1veis, provenientes do abate.\u00a0<\/p>\n\n\n\n<p>Segundo o \u00f3rg\u00e3o ambiental, o local j\u00e1 havia sido fiscalizado em 2024, quando os agentes verificaram a exist\u00eancia de dois galp\u00f5es na propriedade. Um deles vazio e o outro com presen\u00e7a de cerca de 20 aves. Na \u00e9poca, o propriet\u00e1rio n\u00e3o foi identificado. As pr\u00e1ticas recorrentes no local incomodam moradores da regi\u00e3o, pela presen\u00e7a de mau cheiro, roedores e urubus.&nbsp;<\/p>\n\n\n\n<p>Desta vez, a equipe de fiscaliza\u00e7\u00e3o da Adema chegou no exato momento em que a atividade clandestina estava acontecendo e verificou que os abates estavam sendo realizados em situa\u00e7\u00e3o prec\u00e1ria, e os restos do abate eram descartados em estado bruto, diretamente no solo.&nbsp;<\/p>\n\n\n\n<p>A Adema lembra que a Lei n\u00ba 8.497\/2018, que disp\u00f5e sobre o Procedimento de Licenciamento Ambiental no Estado de Sergipe, traz o enquadramento mais atual a ser adotado no caso de matadouros, abatedouros, frigor\u00edficos, charqueadas e derivados de origem animal (18.23), qualificando essa atividade como de alto impacto ambiental.&nbsp;<\/p>\n\n\n\n<p>Al\u00e9m de ter prestado boletim de ocorr\u00eancia na Delegacia Municipal de Cedro, a Adema tamb\u00e9m notificar\u00e1 e autuar\u00e1 os respons\u00e1veis pela infra\u00e7\u00e3o ambiental.\u00a0<br><\/p>\n\n\n\n<p>Fonte: G1<\/p>\n","protected":false},"excerpt":{"rendered":"<p>A Administra\u00e7\u00e3o Estadual do Meio Ambiente (Adema) flagrou, nesta ter\u00e7a-feira (18), a realiza\u00e7\u00e3o de abate clandestino de aves no munic\u00edpio de\u00a0Cedro de S\u00e3o Jo\u00e3o. A equipe constatou a presen\u00e7a de diversos animais abatidos em situa\u00e7\u00e3o prec\u00e1ria, al\u00e9m do descarte irregular de res\u00edduos n\u00e3o aproveit\u00e1veis, provenientes do abate.\u00a0 Segundo o \u00f3rg\u00e3o ambiental, o local j\u00e1 havia [&hellip;]<\/p>\n","protected":false},"author":6,"featured_media":6989,"comment_status":"open","ping_status":"open","sticky":false,"template":"","format":"standard","meta":{"footnotes":""},"categories":[10],"tags":[],"class_list":{"0":"post-6988","1":"post","2":"type-post","3":"status-publish","4":"format-standard","5":"has-post-thumbnail","7":"category-theme-features"},"_links":{"self":[{"href":"https:\/\/nordesteimprensa.com.br\/index.php\/wp-json\/wp\/v2\/posts\/6988","targetHints":{"allow":["GET"]}}],"collection":[{"href":"https:\/\/nordesteimprensa.com.br\/index.php\/wp-json\/wp\/v2\/posts"}],"about":[{"href":"https:\/\/nordesteimprensa.com.br\/index.php\/wp-json\/wp\/v2\/types\/post"}],"author":[{"embeddable":true,"href":"https:\/\/nordesteimprensa.com.br\/index.php\/wp-json\/wp\/v2\/users\/6"}],"replies":[{"embeddable":true,"href":"https:\/\/nordesteimprensa.com.br\/index.php\/wp-json\/wp\/v2\/comments?post=6988"}],"version-history":[{"count":1,"href":"https:\/\/nordesteimprensa.com.br\/index.php\/wp-json\/wp\/v2\/posts\/6988\/revisions"}],"predecessor-version":[{"id":6990,"href":"https:\/\/nordesteimprensa.com.br\/index.php\/wp-json\/wp\/v2\/posts\/6988\/revisions\/6990"}],"wp:featuredmedia":[{"embeddable":true,"href":"https:\/\/nordesteimprensa.com.br\/index.php\/wp-json\/wp\/v2\/media\/6989"}],"wp:attachment":[{"href":"https:\/\/nordesteimprensa.com.br\/index.php\/wp-json\/wp\/v2\/media?parent=6988"}],"wp:term":[{"taxonomy":"category","embeddable":true,"href":"https:\/\/nordesteimprensa.com.br\/index.php\/wp-json\/wp\/v2\/categories?post=6988"},{"taxonomy":"post_tag","embeddable":true,"href":"https:\/\/nordesteimprensa.com.br\/index.php\/wp-json\/wp\/v2\/tags?post=6988"}],"curies":[{"name":"wp","href":"https:\/\/api.w.org\/{rel}","templated":true}]}}