{"id":6995,"date":"2025-03-21T10:35:37","date_gmt":"2025-03-21T13:35:37","guid":{"rendered":"https:\/\/nordesteimprensa.com.br\/?p=6995"},"modified":"2025-03-21T10:35:37","modified_gmt":"2025-03-21T13:35:37","slug":"ipesaude-ira-dobrar-capacidade-de-atendimento-com-inauguracao-de-novo-espaco-ortopedico","status":"publish","type":"post","link":"https:\/\/nordesteimprensa.com.br\/index.php\/2025\/03\/21\/ipesaude-ira-dobrar-capacidade-de-atendimento-com-inauguracao-de-novo-espaco-ortopedico\/","title":{"rendered":"Ipesa\u00fade ir\u00e1 dobrar capacidade de atendimento com inaugura\u00e7\u00e3o de novo espa\u00e7o ortop\u00e9dico"},"content":{"rendered":"\n<p>O Instituto de Promo\u00e7\u00e3o e de Assist\u00eancia \u00e0 Sa\u00fade dos Servidores do Estado de Sergipe (Ipesa\u00fade) ir\u00e1 inaugurar na pr\u00f3xima ter\u00e7a-feira, 25, \u00e0s 8h, um espa\u00e7o exclusivo para consultas de Ortopedia.<\/p>\n\n\n\n<p>Segundo o instituto, o espa\u00e7o foi projetado para oferecer agilidade e qualidade, duplicando a capacidade mensal de atendimento ortop\u00e9dico.<\/p>\n\n\n\n<p>A nova estrutura funcionar\u00e1 dentro do Centro de Reabilita\u00e7\u00e3o Maria Virg\u00ednia Leite Franco, que passar\u00e1 a se chamar Centro Integrado de Ortopedia e Reabilita\u00e7\u00e3o, centralizando em um \u00fanico local os servi\u00e7os de Ortopedia, Traumatologia e Fisioterapia.<\/p>\n\n\n\n<p>Com um investimento de mais de R$ 350 mil, o espa\u00e7o conta com cinco consult\u00f3rios; uma sala de pequenos procedimentos; entrada pr\u00f3pria; uma recep\u00e7\u00e3o totalmente climatizada, com capacidade para comportar mais de 40 pessoas sentadas e tr\u00eas guich\u00eas de atendimento simult\u00e2neo; uma sala de expurgo; e dois banheiros.<\/p>\n\n\n\n<p>Antes, as consultas ortop\u00e9dicas ocorriam no Centro de Especialidades M\u00e9dicas do Ipesa\u00fade, na sede do instituto, com apenas tr\u00eas consult\u00f3rios, junto com outras especialidades.<\/p>\n","protected":false},"excerpt":{"rendered":"<p>O Instituto de Promo\u00e7\u00e3o e de Assist\u00eancia \u00e0 Sa\u00fade dos Servidores do Estado de Sergipe (Ipesa\u00fade) ir\u00e1 inaugurar na pr\u00f3xima ter\u00e7a-feira, 25, \u00e0s 8h, um espa\u00e7o exclusivo para consultas de Ortopedia. Segundo o instituto, o espa\u00e7o foi projetado para oferecer agilidade e qualidade, duplicando a capacidade mensal de atendimento ortop\u00e9dico. A nova estrutura funcionar\u00e1 dentro [&hellip;]<\/p>\n","protected":false},"author":6,"featured_media":6997,"comment_status":"open","ping_status":"open","sticky":false,"template":"","format":"standard","meta":{"footnotes":""},"categories":[10],"tags":[],"class_list":{"0":"post-6995","1":"post","2":"type-post","3":"status-publish","4":"format-standard","5":"has-post-thumbnail","7":"category-theme-features"},"_links":{"self":[{"href":"https:\/\/nordesteimprensa.com.br\/index.php\/wp-json\/wp\/v2\/posts\/6995","targetHints":{"allow":["GET"]}}],"collection":[{"href":"https:\/\/nordesteimprensa.com.br\/index.php\/wp-json\/wp\/v2\/posts"}],"about":[{"href":"https:\/\/nordesteimprensa.com.br\/index.php\/wp-json\/wp\/v2\/types\/post"}],"author":[{"embeddable":true,"href":"https:\/\/nordesteimprensa.com.br\/index.php\/wp-json\/wp\/v2\/users\/6"}],"replies":[{"embeddable":true,"href":"https:\/\/nordesteimprensa.com.br\/index.php\/wp-json\/wp\/v2\/comments?post=6995"}],"version-history":[{"count":1,"href":"https:\/\/nordesteimprensa.com.br\/index.php\/wp-json\/wp\/v2\/posts\/6995\/revisions"}],"predecessor-version":[{"id":6998,"href":"https:\/\/nordesteimprensa.com.br\/index.php\/wp-json\/wp\/v2\/posts\/6995\/revisions\/6998"}],"wp:featuredmedia":[{"embeddable":true,"href":"https:\/\/nordesteimprensa.com.br\/index.php\/wp-json\/wp\/v2\/media\/6997"}],"wp:attachment":[{"href":"https:\/\/nordesteimprensa.com.br\/index.php\/wp-json\/wp\/v2\/media?parent=6995"}],"wp:term":[{"taxonomy":"category","embeddable":true,"href":"https:\/\/nordesteimprensa.com.br\/index.php\/wp-json\/wp\/v2\/categories?post=6995"},{"taxonomy":"post_tag","embeddable":true,"href":"https:\/\/nordesteimprensa.com.br\/index.php\/wp-json\/wp\/v2\/tags?post=6995"}],"curies":[{"name":"wp","href":"https:\/\/api.w.org\/{rel}","templated":true}]}}