{"id":6999,"date":"2025-03-22T10:35:42","date_gmt":"2025-03-22T13:35:42","guid":{"rendered":"https:\/\/nordesteimprensa.com.br\/?p=6999"},"modified":"2025-03-22T10:35:43","modified_gmt":"2025-03-22T13:35:43","slug":"motociclista-morre-em-colisao-frontal-na-se-175-em-ribeiropolis","status":"publish","type":"post","link":"https:\/\/nordesteimprensa.com.br\/index.php\/2025\/03\/22\/motociclista-morre-em-colisao-frontal-na-se-175-em-ribeiropolis\/","title":{"rendered":"MOTOCICLISTA MORRE EM COLIS\u00c3O FRONTAL NA SE-175 EM RIBEIR\u00d3POLIS"},"content":{"rendered":"\n<p>Um motociclista morreu ap\u00f3s se envolver em uma colis\u00e3o frontal na SE-175, nas proximidades do povoado Queimadas, em Ribeir\u00f3polis, na noite dessa quinta-feira (12).<\/p>\n\n\n\n<p>De acordo com o Batalh\u00e3o de Pol\u00edcia Rodovi\u00e1ria Estadual (BPRv), um ve\u00edculo trafegava no sentido dos munic\u00edpios de Ribeir\u00f3polis para Nossa Senhora Aparecida, quando colidiu com uma motocicleta que seguia na dire\u00e7\u00e3o contr\u00e1ria.<\/p>\n\n\n\n<p>Devido \u00e0 gravidade do acidente, o condutor da moto faleceu no local, e o \u00f3bito foi constatado pelas equipes do Servi\u00e7o de Atendimento M\u00f3vel de Urg\u00eancia (SAMU). O motorista do carro fugiu do local do sinistro.<\/p>\n\n\n\n<p>Fonte: A8se<\/p>\n","protected":false},"excerpt":{"rendered":"<p>Um motociclista morreu ap\u00f3s se envolver em uma colis\u00e3o frontal na SE-175, nas proximidades do povoado Queimadas, em Ribeir\u00f3polis, na noite dessa quinta-feira (12). De acordo com o Batalh\u00e3o de Pol\u00edcia Rodovi\u00e1ria Estadual (BPRv), um ve\u00edculo trafegava no sentido dos munic\u00edpios de Ribeir\u00f3polis para Nossa Senhora Aparecida, quando colidiu com uma motocicleta que seguia na [&hellip;]<\/p>\n","protected":false},"author":6,"featured_media":7000,"comment_status":"open","ping_status":"open","sticky":false,"template":"","format":"standard","meta":{"footnotes":""},"categories":[10],"tags":[],"class_list":{"0":"post-6999","1":"post","2":"type-post","3":"status-publish","4":"format-standard","5":"has-post-thumbnail","7":"category-theme-features"},"_links":{"self":[{"href":"https:\/\/nordesteimprensa.com.br\/index.php\/wp-json\/wp\/v2\/posts\/6999","targetHints":{"allow":["GET"]}}],"collection":[{"href":"https:\/\/nordesteimprensa.com.br\/index.php\/wp-json\/wp\/v2\/posts"}],"about":[{"href":"https:\/\/nordesteimprensa.com.br\/index.php\/wp-json\/wp\/v2\/types\/post"}],"author":[{"embeddable":true,"href":"https:\/\/nordesteimprensa.com.br\/index.php\/wp-json\/wp\/v2\/users\/6"}],"replies":[{"embeddable":true,"href":"https:\/\/nordesteimprensa.com.br\/index.php\/wp-json\/wp\/v2\/comments?post=6999"}],"version-history":[{"count":1,"href":"https:\/\/nordesteimprensa.com.br\/index.php\/wp-json\/wp\/v2\/posts\/6999\/revisions"}],"predecessor-version":[{"id":7001,"href":"https:\/\/nordesteimprensa.com.br\/index.php\/wp-json\/wp\/v2\/posts\/6999\/revisions\/7001"}],"wp:featuredmedia":[{"embeddable":true,"href":"https:\/\/nordesteimprensa.com.br\/index.php\/wp-json\/wp\/v2\/media\/7000"}],"wp:attachment":[{"href":"https:\/\/nordesteimprensa.com.br\/index.php\/wp-json\/wp\/v2\/media?parent=6999"}],"wp:term":[{"taxonomy":"category","embeddable":true,"href":"https:\/\/nordesteimprensa.com.br\/index.php\/wp-json\/wp\/v2\/categories?post=6999"},{"taxonomy":"post_tag","embeddable":true,"href":"https:\/\/nordesteimprensa.com.br\/index.php\/wp-json\/wp\/v2\/tags?post=6999"}],"curies":[{"name":"wp","href":"https:\/\/api.w.org\/{rel}","templated":true}]}}