{"id":7002,"date":"2025-03-22T10:37:28","date_gmt":"2025-03-22T13:37:28","guid":{"rendered":"https:\/\/nordesteimprensa.com.br\/?p=7002"},"modified":"2025-03-22T10:37:28","modified_gmt":"2025-03-22T13:37:28","slug":"ministerio-da-pesca-lanca-edital-para-concessao-da-exploracao-do-terminal-pesqueiro-de-aracaju","status":"publish","type":"post","link":"https:\/\/nordesteimprensa.com.br\/index.php\/2025\/03\/22\/ministerio-da-pesca-lanca-edital-para-concessao-da-exploracao-do-terminal-pesqueiro-de-aracaju\/","title":{"rendered":"Minist\u00e9rio da Pesca lan\u00e7a edital para concess\u00e3o da explora\u00e7\u00e3o do Terminal Pesqueiro de Aracaju"},"content":{"rendered":"\n<p>O Minist\u00e9rio da Pesca e Aquicultura lan\u00e7ou nesta sexta-feira, 21, o edital para concess\u00e3o \u00e0 iniciativa privada da explora\u00e7\u00e3o do Terminal Pesqueiro de Aracaju, para sua revitaliza\u00e7\u00e3o, moderniza\u00e7\u00e3o, opera\u00e7\u00e3o, manuten\u00e7\u00e3o e gest\u00e3o.<\/p>\n\n\n\n<p>A licita\u00e7\u00e3o ser\u00e1 feita na modalidade leil\u00e3o, tendo a maior oferta como crit\u00e9rio. O valor estimado da contrata\u00e7\u00e3o \u00e9 de R$ 105.799.585,24.<\/p>\n\n\n\n<p>Conforme o edital, o prazo de vig\u00eancia do contrato de cada concess\u00e3o ser\u00e1 de 20 anos, sendo admitida a prorroga\u00e7\u00e3o da vig\u00eancia por at\u00e9 5 anos, caso necess\u00e1rio para fins de reequil\u00edbrio contratual.<\/p>\n\n\n\n<p>A entrega dos envelopes contendo as garantias de proposta e as propostas comerciais ocorrer\u00e1 presencialmente no 24 de junho de 2025, das 9 horas \u00e0s 14 horas, na B3 S.A. \u2013 BRASIL, BOLSA, BALC\u00c3O, situada \u00e0 Rua XV de Novembro, 275, Centro, S\u00e3o Paulo\/SP. O leil\u00e3o ser\u00e1 realizado no dia 04 de julho de 2025, a partir das 14 horas, n o mesmo local.<\/p>\n\n\n\n<p>Fonte: Fanf1<\/p>\n","protected":false},"excerpt":{"rendered":"<p>O Minist\u00e9rio da Pesca e Aquicultura lan\u00e7ou nesta sexta-feira, 21, o edital para concess\u00e3o \u00e0 iniciativa privada da explora\u00e7\u00e3o do Terminal Pesqueiro de Aracaju, para sua revitaliza\u00e7\u00e3o, moderniza\u00e7\u00e3o, opera\u00e7\u00e3o, manuten\u00e7\u00e3o e gest\u00e3o. A licita\u00e7\u00e3o ser\u00e1 feita na modalidade leil\u00e3o, tendo a maior oferta como crit\u00e9rio. O valor estimado da contrata\u00e7\u00e3o \u00e9 de R$ 105.799.585,24. Conforme [&hellip;]<\/p>\n","protected":false},"author":6,"featured_media":7004,"comment_status":"open","ping_status":"open","sticky":false,"template":"","format":"standard","meta":{"footnotes":""},"categories":[10],"tags":[],"class_list":{"0":"post-7002","1":"post","2":"type-post","3":"status-publish","4":"format-standard","5":"has-post-thumbnail","7":"category-theme-features"},"_links":{"self":[{"href":"https:\/\/nordesteimprensa.com.br\/index.php\/wp-json\/wp\/v2\/posts\/7002","targetHints":{"allow":["GET"]}}],"collection":[{"href":"https:\/\/nordesteimprensa.com.br\/index.php\/wp-json\/wp\/v2\/posts"}],"about":[{"href":"https:\/\/nordesteimprensa.com.br\/index.php\/wp-json\/wp\/v2\/types\/post"}],"author":[{"embeddable":true,"href":"https:\/\/nordesteimprensa.com.br\/index.php\/wp-json\/wp\/v2\/users\/6"}],"replies":[{"embeddable":true,"href":"https:\/\/nordesteimprensa.com.br\/index.php\/wp-json\/wp\/v2\/comments?post=7002"}],"version-history":[{"count":1,"href":"https:\/\/nordesteimprensa.com.br\/index.php\/wp-json\/wp\/v2\/posts\/7002\/revisions"}],"predecessor-version":[{"id":7005,"href":"https:\/\/nordesteimprensa.com.br\/index.php\/wp-json\/wp\/v2\/posts\/7002\/revisions\/7005"}],"wp:featuredmedia":[{"embeddable":true,"href":"https:\/\/nordesteimprensa.com.br\/index.php\/wp-json\/wp\/v2\/media\/7004"}],"wp:attachment":[{"href":"https:\/\/nordesteimprensa.com.br\/index.php\/wp-json\/wp\/v2\/media?parent=7002"}],"wp:term":[{"taxonomy":"category","embeddable":true,"href":"https:\/\/nordesteimprensa.com.br\/index.php\/wp-json\/wp\/v2\/categories?post=7002"},{"taxonomy":"post_tag","embeddable":true,"href":"https:\/\/nordesteimprensa.com.br\/index.php\/wp-json\/wp\/v2\/tags?post=7002"}],"curies":[{"name":"wp","href":"https:\/\/api.w.org\/{rel}","templated":true}]}}