{"id":7006,"date":"2025-03-24T10:21:11","date_gmt":"2025-03-24T13:21:11","guid":{"rendered":"https:\/\/nordesteimprensa.com.br\/?p=7006"},"modified":"2025-03-24T10:21:11","modified_gmt":"2025-03-24T13:21:11","slug":"populacao-elogia-diversidade-e-valorizacao-de-artistas-da-terra-no-arraia-do-povo-2025","status":"publish","type":"post","link":"https:\/\/nordesteimprensa.com.br\/index.php\/2025\/03\/24\/populacao-elogia-diversidade-e-valorizacao-de-artistas-da-terra-no-arraia-do-povo-2025\/","title":{"rendered":"Popula\u00e7\u00e3o elogia diversidade e valoriza\u00e7\u00e3o de artistas da terra no Arrai\u00e1 do Povo 2025"},"content":{"rendered":"\n<p>O governo de F\u00e1bio Mitidieri (PSD) anunciou no final de semana a programa\u00e7\u00e3o oficial do Arrai\u00e1 do Povo, e a resposta do p\u00fablico sergipano e de turistas foi extremamente positiva. Nas redes sociais, internautas expressaram entusiasmo e elogiaram a diversidade de atra\u00e7\u00f5es previstas para os festejos juninos, al\u00e9m da valoriza\u00e7\u00e3o de artistas da terra.<\/p>\n\n\n\n<p>Dentre as principais atra\u00e7\u00f5es musicais, est\u00e3o: Natanzinho Lima, Joelma, Xand Avi\u00e3o, Zez\u00e9 de Camargo, Leonardo, Unha Pintada, Iguinho e Lulinha, Bruno e Marrone, Pablo, Calcinha Preta e Cavaleiros do Forr\u00f3.<\/p>\n\n\n\n<p>&#8220;A mala est\u00e1 mais que pronta para desembarcar neste pa\u00eds do forr\u00f3\u201d, disse um internauta. Outro afirmou: &#8220;J\u00e1 comprei minhas passagens para curtir os 30 dias de forr\u00f3, amo Sergipe\u201d. &#8220;Achei perfeita a programa\u00e7\u00e3o. Tem forr\u00f3 das antigas, arrocha, MPB. S\u00e3o Jo\u00e3o de Sergipe \u00e9 o melhor hoje do nordeste!&#8221;, acrescentou mais um.<\/p>\n\n\n\n<p>&#8220;Valoriza\u00e7\u00e3o de artistas da terra, grandes nomes tradicionais de forr\u00f3, novos nomes que est\u00e3o bombando\u2026 \u00c9 tradi\u00e7\u00e3o e \u00e9 moderno, tudo junto e misturado. Se tem melhor, eu desconhe\u00e7o\u201d, frisou outro.<\/p>\n\n\n\n<p>Essa receptividade calorosa reflete o sucesso que dever\u00e1 ser mais uma edi\u00e7\u00e3o do Arrai\u00e1, que reafirma a posi\u00e7\u00e3o de Sergipe como um dos principais destinos para os festejos juninos no Nordeste.<\/p>\n\n\n\n<p>O Ciclo Junino 2025 no estado contar\u00e1 com mais de 700 apresenta\u00e7\u00f5es, das quais 635 s\u00e3o de artistas sergipanos, representando mais de 90% da programa\u00e7\u00e3o. Al\u00e9m disso, haver\u00e1 66 atra\u00e7\u00f5es nacionais, garantindo diversidade e grandes espet\u00e1culos para o p\u00fablico.<\/p>\n","protected":false},"excerpt":{"rendered":"<p>O governo de F\u00e1bio Mitidieri (PSD) anunciou no final de semana a programa\u00e7\u00e3o oficial do Arrai\u00e1 do Povo, e a resposta do p\u00fablico sergipano e de turistas foi extremamente positiva. Nas redes sociais, internautas expressaram entusiasmo e elogiaram a diversidade de atra\u00e7\u00f5es previstas para os festejos juninos, al\u00e9m da valoriza\u00e7\u00e3o de artistas da terra. Dentre [&hellip;]<\/p>\n","protected":false},"author":6,"featured_media":7007,"comment_status":"open","ping_status":"open","sticky":false,"template":"","format":"standard","meta":{"footnotes":""},"categories":[10],"tags":[],"class_list":{"0":"post-7006","1":"post","2":"type-post","3":"status-publish","4":"format-standard","5":"has-post-thumbnail","7":"category-theme-features"},"_links":{"self":[{"href":"https:\/\/nordesteimprensa.com.br\/index.php\/wp-json\/wp\/v2\/posts\/7006","targetHints":{"allow":["GET"]}}],"collection":[{"href":"https:\/\/nordesteimprensa.com.br\/index.php\/wp-json\/wp\/v2\/posts"}],"about":[{"href":"https:\/\/nordesteimprensa.com.br\/index.php\/wp-json\/wp\/v2\/types\/post"}],"author":[{"embeddable":true,"href":"https:\/\/nordesteimprensa.com.br\/index.php\/wp-json\/wp\/v2\/users\/6"}],"replies":[{"embeddable":true,"href":"https:\/\/nordesteimprensa.com.br\/index.php\/wp-json\/wp\/v2\/comments?post=7006"}],"version-history":[{"count":1,"href":"https:\/\/nordesteimprensa.com.br\/index.php\/wp-json\/wp\/v2\/posts\/7006\/revisions"}],"predecessor-version":[{"id":7008,"href":"https:\/\/nordesteimprensa.com.br\/index.php\/wp-json\/wp\/v2\/posts\/7006\/revisions\/7008"}],"wp:featuredmedia":[{"embeddable":true,"href":"https:\/\/nordesteimprensa.com.br\/index.php\/wp-json\/wp\/v2\/media\/7007"}],"wp:attachment":[{"href":"https:\/\/nordesteimprensa.com.br\/index.php\/wp-json\/wp\/v2\/media?parent=7006"}],"wp:term":[{"taxonomy":"category","embeddable":true,"href":"https:\/\/nordesteimprensa.com.br\/index.php\/wp-json\/wp\/v2\/categories?post=7006"},{"taxonomy":"post_tag","embeddable":true,"href":"https:\/\/nordesteimprensa.com.br\/index.php\/wp-json\/wp\/v2\/tags?post=7006"}],"curies":[{"name":"wp","href":"https:\/\/api.w.org\/{rel}","templated":true}]}}