{"id":7012,"date":"2025-03-24T15:02:16","date_gmt":"2025-03-24T18:02:16","guid":{"rendered":"https:\/\/nordesteimprensa.com.br\/?p=7012"},"modified":"2025-03-24T15:02:17","modified_gmt":"2025-03-24T18:02:17","slug":"itabaiana-crianca-e-atacada-por-cachorro-e-recebe-21-pontos-na-boca","status":"publish","type":"post","link":"https:\/\/nordesteimprensa.com.br\/index.php\/2025\/03\/24\/itabaiana-crianca-e-atacada-por-cachorro-e-recebe-21-pontos-na-boca\/","title":{"rendered":"ITABAIANA: CRIAN\u00c7A \u00c9 ATACADA POR CACHORRO E RECEBE 21 PONTOS NA BOCA"},"content":{"rendered":"\n<p>Na \u00faltima sexta-feira (21), um menino de 10 anos foi atacado por um cachorro em frente \u00e0 sua casa, no bairro da Torre, em Itabaiana. A crian\u00e7a sofreu um corte profundo na boca e precisou ser levada ao Hospital Regional de Itabaiana, onde recebeu 21 pontos para tratar os ferimentos.<\/p>\n\n\n\n<p>De acordo com moradores locais, este n\u00e3o foi o primeiro ataque do cachorro. Aparentemente, o animal j\u00e1 teria atacado outras pessoas na rua. O dono do c\u00e3o explicou que o ataque ocorreu depois que sua enteada abriu a porta de casa, permitindo que o cachorro sa\u00edsse para a rua.<\/p>\n\n\n\n<p>A m\u00e3e do garoto contou que ele estava brincando em frente \u00e0 resid\u00eancia no momento em que foi atacado. O propriet\u00e1rio do cachorro assumiu a responsabilidade pelos custos do tratamento e afirmou que levar\u00e1 o animal para um s\u00edtio, a fim de evitar novos incidentes.<\/p>\n\n\n\n<p>A situa\u00e7\u00e3o gerou preocupa\u00e7\u00e3o entre os moradores da regi\u00e3o, que pedem maior aten\u00e7\u00e3o e responsabilidade por parte dos donos de animais para garantir a seguran\u00e7a de todos.<\/p>\n\n\n\n<p>Fonte: Itnet<\/p>\n","protected":false},"excerpt":{"rendered":"<p>Na \u00faltima sexta-feira (21), um menino de 10 anos foi atacado por um cachorro em frente \u00e0 sua casa, no bairro da Torre, em Itabaiana. A crian\u00e7a sofreu um corte profundo na boca e precisou ser levada ao Hospital Regional de Itabaiana, onde recebeu 21 pontos para tratar os ferimentos. De acordo com moradores locais, [&hellip;]<\/p>\n","protected":false},"author":6,"featured_media":7013,"comment_status":"open","ping_status":"open","sticky":false,"template":"","format":"standard","meta":{"footnotes":""},"categories":[10],"tags":[],"class_list":{"0":"post-7012","1":"post","2":"type-post","3":"status-publish","4":"format-standard","5":"has-post-thumbnail","7":"category-theme-features"},"_links":{"self":[{"href":"https:\/\/nordesteimprensa.com.br\/index.php\/wp-json\/wp\/v2\/posts\/7012","targetHints":{"allow":["GET"]}}],"collection":[{"href":"https:\/\/nordesteimprensa.com.br\/index.php\/wp-json\/wp\/v2\/posts"}],"about":[{"href":"https:\/\/nordesteimprensa.com.br\/index.php\/wp-json\/wp\/v2\/types\/post"}],"author":[{"embeddable":true,"href":"https:\/\/nordesteimprensa.com.br\/index.php\/wp-json\/wp\/v2\/users\/6"}],"replies":[{"embeddable":true,"href":"https:\/\/nordesteimprensa.com.br\/index.php\/wp-json\/wp\/v2\/comments?post=7012"}],"version-history":[{"count":1,"href":"https:\/\/nordesteimprensa.com.br\/index.php\/wp-json\/wp\/v2\/posts\/7012\/revisions"}],"predecessor-version":[{"id":7014,"href":"https:\/\/nordesteimprensa.com.br\/index.php\/wp-json\/wp\/v2\/posts\/7012\/revisions\/7014"}],"wp:featuredmedia":[{"embeddable":true,"href":"https:\/\/nordesteimprensa.com.br\/index.php\/wp-json\/wp\/v2\/media\/7013"}],"wp:attachment":[{"href":"https:\/\/nordesteimprensa.com.br\/index.php\/wp-json\/wp\/v2\/media?parent=7012"}],"wp:term":[{"taxonomy":"category","embeddable":true,"href":"https:\/\/nordesteimprensa.com.br\/index.php\/wp-json\/wp\/v2\/categories?post=7012"},{"taxonomy":"post_tag","embeddable":true,"href":"https:\/\/nordesteimprensa.com.br\/index.php\/wp-json\/wp\/v2\/tags?post=7012"}],"curies":[{"name":"wp","href":"https:\/\/api.w.org\/{rel}","templated":true}]}}