{"id":7015,"date":"2025-03-25T10:48:37","date_gmt":"2025-03-25T13:48:37","guid":{"rendered":"https:\/\/nordesteimprensa.com.br\/?p=7015"},"modified":"2025-03-25T10:48:37","modified_gmt":"2025-03-25T13:48:37","slug":"suspeitos-de-matar-vigilante-na-fogueira-sao-presos-em-nossa-senhora-do-socorro","status":"publish","type":"post","link":"https:\/\/nordesteimprensa.com.br\/index.php\/2025\/03\/25\/suspeitos-de-matar-vigilante-na-fogueira-sao-presos-em-nossa-senhora-do-socorro\/","title":{"rendered":"SUSPEITOS DE MATAR VIGILANTE NA FOGUEIRA S\u00c3O PRESOS EM NOSSA SENHORA DO SOCORRO"},"content":{"rendered":"\n<p>Dois homens foram presos por suspeita de envolvimento na morte de um vigilante, que foi jogado em uma fogueira no munic\u00edpio de Nossa Senhora do Socorro, no dia 7 de janeiro. A informa\u00e7\u00e3o foi divulgada pela Pol\u00edcia Civil nesta segunda-feira (24), ap\u00f3s a pris\u00e3o dos suspeitos na \u00faltima sexta-feira (21).<\/p>\n\n\n\n<p>De acordo com a delegada Thereza Simony, respons\u00e1vel pela investiga\u00e7\u00e3o, o vigilante estava trabalhando em uma f\u00e1brica no Distrito Industrial de Nossa Senhora do Socorro quando foi abordado pelos dois homens. \u201cOs investigados entraram no terreno da f\u00e1brica, abordaram a v\u00edtima e a agrediram. Em seguida, jogaram o vigilante em uma fogueira, e ele morreu por asfixia\u201d, detalhou a delegada da Delegacia de Roubos e Furtos (Derof).<\/p>\n\n\n\n<p>O inqu\u00e9rito policial revelou que um dos suspeitos havia vendido um aparelho celular \u00e0 v\u00edtima e, ap\u00f3s uma discuss\u00e3o sobre a negocia\u00e7\u00e3o, foi at\u00e9 o local acompanhado de um amigo para tirar satisfa\u00e7\u00e3o com o vigilante.&nbsp;<\/p>\n\n\n\n<p>Segundo a Pol\u00edcia Civil, ap\u00f3s cometer o homic\u00eddio, os dois suspeitos reviraram o quarto onde a v\u00edtima morava na f\u00e1brica e roubaram seu celular e carteira, configurando o crime como latroc\u00ednio.<\/p>\n\n\n\n<p>Com base nas provas coletadas durante a investiga\u00e7\u00e3o, a equipe da Derof representou pela pris\u00e3o tempor\u00e1ria do principal envolvido no crime. Ap\u00f3s dilig\u00eancias, o segundo investigado foi identificado, e ambos foram presos na \u00faltima sexta-feira (21). Os suspeitos j\u00e1 est\u00e3o \u00e0 disposi\u00e7\u00e3o da Justi\u00e7a para que sejam tomadas as medidas legais cab\u00edveis.<\/p>\n\n\n\n<p>A investiga\u00e7\u00e3o continua em andamento para o esclarecimento total do caso e para a ado\u00e7\u00e3o das devidas provid\u00eancias legais.<\/p>\n\n\n\n<p>Fonte: F5news<\/p>\n","protected":false},"excerpt":{"rendered":"<p>Dois homens foram presos por suspeita de envolvimento na morte de um vigilante, que foi jogado em uma fogueira no munic\u00edpio de Nossa Senhora do Socorro, no dia 7 de janeiro. A informa\u00e7\u00e3o foi divulgada pela Pol\u00edcia Civil nesta segunda-feira (24), ap\u00f3s a pris\u00e3o dos suspeitos na \u00faltima sexta-feira (21). De acordo com a delegada [&hellip;]<\/p>\n","protected":false},"author":6,"featured_media":7016,"comment_status":"open","ping_status":"open","sticky":false,"template":"","format":"standard","meta":{"footnotes":""},"categories":[10],"tags":[],"class_list":{"0":"post-7015","1":"post","2":"type-post","3":"status-publish","4":"format-standard","5":"has-post-thumbnail","7":"category-theme-features"},"_links":{"self":[{"href":"https:\/\/nordesteimprensa.com.br\/index.php\/wp-json\/wp\/v2\/posts\/7015","targetHints":{"allow":["GET"]}}],"collection":[{"href":"https:\/\/nordesteimprensa.com.br\/index.php\/wp-json\/wp\/v2\/posts"}],"about":[{"href":"https:\/\/nordesteimprensa.com.br\/index.php\/wp-json\/wp\/v2\/types\/post"}],"author":[{"embeddable":true,"href":"https:\/\/nordesteimprensa.com.br\/index.php\/wp-json\/wp\/v2\/users\/6"}],"replies":[{"embeddable":true,"href":"https:\/\/nordesteimprensa.com.br\/index.php\/wp-json\/wp\/v2\/comments?post=7015"}],"version-history":[{"count":1,"href":"https:\/\/nordesteimprensa.com.br\/index.php\/wp-json\/wp\/v2\/posts\/7015\/revisions"}],"predecessor-version":[{"id":7017,"href":"https:\/\/nordesteimprensa.com.br\/index.php\/wp-json\/wp\/v2\/posts\/7015\/revisions\/7017"}],"wp:featuredmedia":[{"embeddable":true,"href":"https:\/\/nordesteimprensa.com.br\/index.php\/wp-json\/wp\/v2\/media\/7016"}],"wp:attachment":[{"href":"https:\/\/nordesteimprensa.com.br\/index.php\/wp-json\/wp\/v2\/media?parent=7015"}],"wp:term":[{"taxonomy":"category","embeddable":true,"href":"https:\/\/nordesteimprensa.com.br\/index.php\/wp-json\/wp\/v2\/categories?post=7015"},{"taxonomy":"post_tag","embeddable":true,"href":"https:\/\/nordesteimprensa.com.br\/index.php\/wp-json\/wp\/v2\/tags?post=7015"}],"curies":[{"name":"wp","href":"https:\/\/api.w.org\/{rel}","templated":true}]}}