{"id":7018,"date":"2025-03-25T10:50:09","date_gmt":"2025-03-25T13:50:09","guid":{"rendered":"https:\/\/nordesteimprensa.com.br\/?p=7018"},"modified":"2025-03-25T10:50:09","modified_gmt":"2025-03-25T13:50:09","slug":"poco-verde-tem-situacao-de-emergencia-reconhecida-pelo-governo-federal-devido-a-seca","status":"publish","type":"post","link":"https:\/\/nordesteimprensa.com.br\/index.php\/2025\/03\/25\/poco-verde-tem-situacao-de-emergencia-reconhecida-pelo-governo-federal-devido-a-seca\/","title":{"rendered":"Po\u00e7o Verde tem situa\u00e7\u00e3o de emerg\u00eancia reconhecida pelo Governo Federal devido \u00e0 seca"},"content":{"rendered":"\n<p>O Minist\u00e9rio da Integra\u00e7\u00e3o e do Desenvolvimento Regional (MIDR), por meio da Defesa Civil Nacional, reconheceu oficialmente a situa\u00e7\u00e3o de emerg\u00eancia no munic\u00edpio de Po\u00e7o Verde, em Sergipe, devido \u00e0 seca prolongada. O reconhecimento foi formalizado por meio de portaria publicada nesta segunda-feira (24) no Di\u00e1rio Oficial da Uni\u00e3o (DOU).<\/p>\n\n\n\n<p>A seca \u00e9 caracterizada por um per\u00edodo mais extenso de aus\u00eancia de chuvas, diferindo da estiagem, que \u00e9 um fen\u00f4meno de menor dura\u00e7\u00e3o. Com a situa\u00e7\u00e3o de emerg\u00eancia reconhecida, a prefeitura de Po\u00e7o Verde est\u00e1 apta a solicitar recursos do Governo Federal para a\u00e7\u00f5es de defesa civil. Entre as medidas poss\u00edveis est\u00e3o a compra de cestas b\u00e1sicas, distribui\u00e7\u00e3o de \u00e1gua pot\u00e1vel, fornecimento de refei\u00e7\u00f5es para trabalhadores e volunt\u00e1rios, al\u00e9m da disponibiliza\u00e7\u00e3o de kits de limpeza, higiene pessoal e dormit\u00f3rio.<\/p>\n\n\n\n<p>Atualmente, Sergipe possui 11 reconhecimentos vigentes relacionados a desastres naturais. Desses, cinco s\u00e3o decorrentes da estiagem, cinco da seca e um por chuvas intensas.<\/p>\n\n\n\n<h3 class=\"wp-block-heading\">Como solicitar recursos<\/h3>\n\n\n\n<p>Munic\u00edpios que tiveram a situa\u00e7\u00e3o de emerg\u00eancia ou estado de calamidade p\u00fablica reconhecidos pelo Governo Federal podem requisitar recursos para a\u00e7\u00f5es emergenciais atrav\u00e9s do Sistema Integrado de Informa\u00e7\u00f5es sobre Desastres (S2iD). As demandas s\u00e3o analisadas pela equipe t\u00e9cnica da Defesa Civil Nacional, que avalia a pertin\u00eancia das metas e os valores solicitados com base nos planos de trabalho enviados.<\/p>\n\n\n\n<p>Fonte: Portal itnet<\/p>\n","protected":false},"excerpt":{"rendered":"<p>O Minist\u00e9rio da Integra\u00e7\u00e3o e do Desenvolvimento Regional (MIDR), por meio da Defesa Civil Nacional, reconheceu oficialmente a situa\u00e7\u00e3o de emerg\u00eancia no munic\u00edpio de Po\u00e7o Verde, em Sergipe, devido \u00e0 seca prolongada. O reconhecimento foi formalizado por meio de portaria publicada nesta segunda-feira (24) no Di\u00e1rio Oficial da Uni\u00e3o (DOU). A seca \u00e9 caracterizada por [&hellip;]<\/p>\n","protected":false},"author":6,"featured_media":7019,"comment_status":"open","ping_status":"open","sticky":false,"template":"","format":"standard","meta":{"footnotes":""},"categories":[10],"tags":[],"class_list":{"0":"post-7018","1":"post","2":"type-post","3":"status-publish","4":"format-standard","5":"has-post-thumbnail","7":"category-theme-features"},"_links":{"self":[{"href":"https:\/\/nordesteimprensa.com.br\/index.php\/wp-json\/wp\/v2\/posts\/7018","targetHints":{"allow":["GET"]}}],"collection":[{"href":"https:\/\/nordesteimprensa.com.br\/index.php\/wp-json\/wp\/v2\/posts"}],"about":[{"href":"https:\/\/nordesteimprensa.com.br\/index.php\/wp-json\/wp\/v2\/types\/post"}],"author":[{"embeddable":true,"href":"https:\/\/nordesteimprensa.com.br\/index.php\/wp-json\/wp\/v2\/users\/6"}],"replies":[{"embeddable":true,"href":"https:\/\/nordesteimprensa.com.br\/index.php\/wp-json\/wp\/v2\/comments?post=7018"}],"version-history":[{"count":1,"href":"https:\/\/nordesteimprensa.com.br\/index.php\/wp-json\/wp\/v2\/posts\/7018\/revisions"}],"predecessor-version":[{"id":7020,"href":"https:\/\/nordesteimprensa.com.br\/index.php\/wp-json\/wp\/v2\/posts\/7018\/revisions\/7020"}],"wp:featuredmedia":[{"embeddable":true,"href":"https:\/\/nordesteimprensa.com.br\/index.php\/wp-json\/wp\/v2\/media\/7019"}],"wp:attachment":[{"href":"https:\/\/nordesteimprensa.com.br\/index.php\/wp-json\/wp\/v2\/media?parent=7018"}],"wp:term":[{"taxonomy":"category","embeddable":true,"href":"https:\/\/nordesteimprensa.com.br\/index.php\/wp-json\/wp\/v2\/categories?post=7018"},{"taxonomy":"post_tag","embeddable":true,"href":"https:\/\/nordesteimprensa.com.br\/index.php\/wp-json\/wp\/v2\/tags?post=7018"}],"curies":[{"name":"wp","href":"https:\/\/api.w.org\/{rel}","templated":true}]}}