{"id":7022,"date":"2025-03-26T15:40:01","date_gmt":"2025-03-26T18:40:01","guid":{"rendered":"https:\/\/nordesteimprensa.com.br\/?p=7022"},"modified":"2025-03-26T15:40:02","modified_gmt":"2025-03-26T18:40:02","slug":"empresario-investigado-por-violencia-contra-a-mulher-e-preso-na-barra-dos-coqueiros","status":"publish","type":"post","link":"https:\/\/nordesteimprensa.com.br\/index.php\/2025\/03\/26\/empresario-investigado-por-violencia-contra-a-mulher-e-preso-na-barra-dos-coqueiros\/","title":{"rendered":"Empres\u00e1rio investigado por viol\u00eancia contra a mulher \u00e9 preso na Barra dos Coqueiros"},"content":{"rendered":"\n<p>Um empres\u00e1rio de 29 anos, investigado por viol\u00eancia contra a mulher foi preso na manh\u00e3 desta quarta-feira (26), na cidade de Barra dos Coqueiros.&nbsp;<\/p>\n\n\n\n<p>As investiga\u00e7\u00f5es apontaram que o empres\u00e1rio possu\u00eda uma arma de fogo registrada em seu nome, que foi utilizada para amea\u00e7ar a v\u00edtima. O armamento foi apreendido em uma dilig\u00eancia policial anterior. Al\u00e9m das amea\u00e7as, o investigado descumpriu a medida protetiva de afastamento da ex-companheira.&nbsp;<\/p>\n\n\n\n<p>A Pol\u00edcia Civil solicita que informa\u00e7\u00f5es e den\u00fancias sobre crimes e suspeitos de a\u00e7\u00f5es criminosas sejam repassadas \u00e0 pol\u00edcia por meio do Disque-Den\u00fancia no telefone 181. O sigilo \u00e9 garantido.\u00a0<br><\/p>\n\n\n\n<p>Fonte: G1<\/p>\n","protected":false},"excerpt":{"rendered":"<p>Um empres\u00e1rio de 29 anos, investigado por viol\u00eancia contra a mulher foi preso na manh\u00e3 desta quarta-feira (26), na cidade de Barra dos Coqueiros.&nbsp; As investiga\u00e7\u00f5es apontaram que o empres\u00e1rio possu\u00eda uma arma de fogo registrada em seu nome, que foi utilizada para amea\u00e7ar a v\u00edtima. O armamento foi apreendido em uma dilig\u00eancia policial anterior. [&hellip;]<\/p>\n","protected":false},"author":6,"featured_media":7023,"comment_status":"open","ping_status":"open","sticky":false,"template":"","format":"standard","meta":{"footnotes":""},"categories":[10],"tags":[],"class_list":{"0":"post-7022","1":"post","2":"type-post","3":"status-publish","4":"format-standard","5":"has-post-thumbnail","7":"category-theme-features"},"_links":{"self":[{"href":"https:\/\/nordesteimprensa.com.br\/index.php\/wp-json\/wp\/v2\/posts\/7022","targetHints":{"allow":["GET"]}}],"collection":[{"href":"https:\/\/nordesteimprensa.com.br\/index.php\/wp-json\/wp\/v2\/posts"}],"about":[{"href":"https:\/\/nordesteimprensa.com.br\/index.php\/wp-json\/wp\/v2\/types\/post"}],"author":[{"embeddable":true,"href":"https:\/\/nordesteimprensa.com.br\/index.php\/wp-json\/wp\/v2\/users\/6"}],"replies":[{"embeddable":true,"href":"https:\/\/nordesteimprensa.com.br\/index.php\/wp-json\/wp\/v2\/comments?post=7022"}],"version-history":[{"count":1,"href":"https:\/\/nordesteimprensa.com.br\/index.php\/wp-json\/wp\/v2\/posts\/7022\/revisions"}],"predecessor-version":[{"id":7024,"href":"https:\/\/nordesteimprensa.com.br\/index.php\/wp-json\/wp\/v2\/posts\/7022\/revisions\/7024"}],"wp:featuredmedia":[{"embeddable":true,"href":"https:\/\/nordesteimprensa.com.br\/index.php\/wp-json\/wp\/v2\/media\/7023"}],"wp:attachment":[{"href":"https:\/\/nordesteimprensa.com.br\/index.php\/wp-json\/wp\/v2\/media?parent=7022"}],"wp:term":[{"taxonomy":"category","embeddable":true,"href":"https:\/\/nordesteimprensa.com.br\/index.php\/wp-json\/wp\/v2\/categories?post=7022"},{"taxonomy":"post_tag","embeddable":true,"href":"https:\/\/nordesteimprensa.com.br\/index.php\/wp-json\/wp\/v2\/tags?post=7022"}],"curies":[{"name":"wp","href":"https:\/\/api.w.org\/{rel}","templated":true}]}}