{"id":7025,"date":"2025-03-26T15:43:51","date_gmt":"2025-03-26T18:43:51","guid":{"rendered":"https:\/\/nordesteimprensa.com.br\/?p=7025"},"modified":"2025-03-26T15:43:51","modified_gmt":"2025-03-26T18:43:51","slug":"prato-do-povo-entregou-1-milhao-de-refeicoes-que-fortaleceram-a-seguranca-alimentar-em-sergipe","status":"publish","type":"post","link":"https:\/\/nordesteimprensa.com.br\/index.php\/2025\/03\/26\/prato-do-povo-entregou-1-milhao-de-refeicoes-que-fortaleceram-a-seguranca-alimentar-em-sergipe\/","title":{"rendered":"Prato do Povo\u2019 entregou 1 milh\u00e3o de refei\u00e7\u00f5es que fortaleceram a seguran\u00e7a alimentar em Sergipe"},"content":{"rendered":"\n<p>O \u2018Prato do Povo\u2019 atingiu um marco expressivo: 1 milh\u00e3o de refei\u00e7\u00f5es entregues para a popula\u00e7\u00e3o em situa\u00e7\u00e3o de vulnerabilidade. Em um ano de atua\u00e7\u00e3o, o programa do Governo do Estado, executado pela Secretaria de Estado da Assist\u00eancia Social, Inclus\u00e3o e Cidadania (Seasic), se tornou essencial para garantir alimenta\u00e7\u00e3o digna a milhares de sergipanos, promovendo a seguran\u00e7a alimentar e a assist\u00eancia social.<\/p>\n\n\n\n<p>Atualmente, 21 munic\u00edpios com at\u00e9 10 mil habitantes s\u00e3o atendidos pelo \u2018Prato do Povo&#8217;, beneficiando cerca de 10 mil fam\u00edlias, com 24.500 sergipanos alcan\u00e7ados. Em cada uma dessas cidades, a iniciativa tem sido um suporte fundamental para quem mais precisa. A dona de casa Maria do Carmo, de Muribeca, comemora o impacto do programa na sua vida e na de muitos outros beneficiados. &#8220;Esse aux\u00edlio faz toda diferen\u00e7a. A comida \u00e9 uma del\u00edcia, e \u00e9 um al\u00edvio saber que temos essa ajuda todos os dias&#8221;, compartilha.<\/p>\n\n\n\n<p>A seguran\u00e7a alimentar garantida pelo programa \u00e9 ainda mais evidente na rotina de Alexsandro Melo Santos, morador de Itabi. &#8220;Receber essas refei\u00e7\u00f5es foi uma grande b\u00ean\u00e7\u00e3o. Muitas vezes, n\u00e3o conseguimos comprar tudo o que precisamos, e o \u2018Prato do Povo\u2019 vem para suprir essas necessidades. Espero que essa iniciativa continue, para que mais fam\u00edlias possam ser beneficiadas&#8221;, afirma.<\/p>\n\n\n\n<p>Seguran\u00e7a nutricional<\/p>\n\n\n\n<p>Para garantir a qualidade e o equil\u00edbrio nutricional das refei\u00e7\u00f5es servidas, o programa segue um rigoroso planejamento elaborado por nutricionistas. Cada quentinha \u00e9 composta por uma prote\u00edna, dois acompanhamentos, uma guarni\u00e7\u00e3o e salada, al\u00e9m de suco e sobremesa. Assim, os benefici\u00e1rios recebem uma alimenta\u00e7\u00e3o balanceada, contribuindo para a sa\u00fade e bem-estar.<\/p>\n\n\n\n<p>A lavradora Givalda Santos Andrade, do povoado Visgueiro, em Muribeca, tamb\u00e9m sente o impacto positivo do \u2018Prato do Povo\u2019 em sua rotina. &#8220;S\u00f3 tenho a renda do Bolsa Fam\u00edlia, ent\u00e3o essa ajuda faz toda diferen\u00e7a. Economizo nas despesas, at\u00e9 mesmo com o g\u00e1s. Espero que esse programa continue ajudando a quem mais precisa&#8221;, ressalta.<\/p>\n\n\n\n<p>Desde a cria\u00e7\u00e3o, o programa Prato do Povo tem sido um exemplo de pol\u00edtica p\u00fablica eficaz, aliando inclus\u00e3o social e fortalecimento da agricultura familiar. Pelo menos 20% dos insumos utilizados nas refei\u00e7\u00f5es s\u00e3o adquiridos de pequenos produtores locais, fomentando a economia dos munic\u00edpios atendidos e incentivando o desenvolvimento regional.<\/p>\n\n\n\n<p>Amplia\u00e7\u00e3o do programa<\/p>\n\n\n\n<p>Atualmente, os munic\u00edpios beneficiados pelo programa s\u00e3o Cumbe, Macambira, Santa Rosa de Lima, Feira Nova, General Maynard, Itabi, Siriri, Nossa Senhora Aparecida, Pedrinhas, Santana do S\u00e3o Francisco, Telha, Canhoba, Graccho Cardoso, Muribeca, S\u00e3o Francisco, Arau\u00e1, Ilha das Flores, S\u00e3o Miguel do Aleixo, Pinh\u00e3o, Malhada dos Bois e Pedra Mole.<\/p>\n\n\n\n<p>Para ampliar ainda mais o alcance do \u2018Prato do Povo\u2019, o Governo de Sergipe est\u00e1 em processo de licita\u00e7\u00e3o para incluir mais oito cidades no programa: Amparo do S\u00e3o Francisco, Brejo Grande, Cedro de S\u00e3o Jo\u00e3o, Divina Pastora, Nossa Senhora de Lourdes, Pirambu, Riachuelo e Ros\u00e1rio do Catete. Essa expans\u00e3o refor\u00e7a o compromisso do Governo do Estado com a seguran\u00e7a alimentar e a melhoria da qualidade de vida da popula\u00e7\u00e3o sergipana.<\/p>\n\n\n\n<figure class=\"wp-block-image size-large\"><img loading=\"lazy\" decoding=\"async\" width=\"1024\" height=\"682\" src=\"https:\/\/nordesteimprensa.com.br\/wp-content\/uploads\/2025\/03\/e040ae8e-a179-4abc-b5a6-86fe4dab0687-1024x682.jpeg\" alt=\"\" class=\"wp-image-7028\" srcset=\"https:\/\/nordesteimprensa.com.br\/wp-content\/uploads\/2025\/03\/e040ae8e-a179-4abc-b5a6-86fe4dab0687-1024x682.jpeg 1024w, https:\/\/nordesteimprensa.com.br\/wp-content\/uploads\/2025\/03\/e040ae8e-a179-4abc-b5a6-86fe4dab0687-300x200.jpeg 300w, https:\/\/nordesteimprensa.com.br\/wp-content\/uploads\/2025\/03\/e040ae8e-a179-4abc-b5a6-86fe4dab0687-768x512.jpeg 768w, https:\/\/nordesteimprensa.com.br\/wp-content\/uploads\/2025\/03\/e040ae8e-a179-4abc-b5a6-86fe4dab0687-1536x1023.jpeg 1536w, https:\/\/nordesteimprensa.com.br\/wp-content\/uploads\/2025\/03\/e040ae8e-a179-4abc-b5a6-86fe4dab0687-360x240.jpeg 360w, https:\/\/nordesteimprensa.com.br\/wp-content\/uploads\/2025\/03\/e040ae8e-a179-4abc-b5a6-86fe4dab0687-600x400.jpeg 600w, https:\/\/nordesteimprensa.com.br\/wp-content\/uploads\/2025\/03\/e040ae8e-a179-4abc-b5a6-86fe4dab0687.jpeg 1600w\" sizes=\"auto, (max-width: 1024px) 100vw, 1024px\" \/><\/figure>\n\n\n\n<figure class=\"wp-block-image size-large\"><img loading=\"lazy\" decoding=\"async\" width=\"1024\" height=\"682\" src=\"https:\/\/nordesteimprensa.com.br\/wp-content\/uploads\/2025\/03\/9ce94007-28d7-4fa5-864a-c2e957a9f6ce-1024x682.jpeg\" alt=\"\" class=\"wp-image-7026\" srcset=\"https:\/\/nordesteimprensa.com.br\/wp-content\/uploads\/2025\/03\/9ce94007-28d7-4fa5-864a-c2e957a9f6ce-1024x682.jpeg 1024w, https:\/\/nordesteimprensa.com.br\/wp-content\/uploads\/2025\/03\/9ce94007-28d7-4fa5-864a-c2e957a9f6ce-300x200.jpeg 300w, https:\/\/nordesteimprensa.com.br\/wp-content\/uploads\/2025\/03\/9ce94007-28d7-4fa5-864a-c2e957a9f6ce-768x512.jpeg 768w, https:\/\/nordesteimprensa.com.br\/wp-content\/uploads\/2025\/03\/9ce94007-28d7-4fa5-864a-c2e957a9f6ce-1536x1023.jpeg 1536w, https:\/\/nordesteimprensa.com.br\/wp-content\/uploads\/2025\/03\/9ce94007-28d7-4fa5-864a-c2e957a9f6ce-360x240.jpeg 360w, https:\/\/nordesteimprensa.com.br\/wp-content\/uploads\/2025\/03\/9ce94007-28d7-4fa5-864a-c2e957a9f6ce-600x400.jpeg 600w, https:\/\/nordesteimprensa.com.br\/wp-content\/uploads\/2025\/03\/9ce94007-28d7-4fa5-864a-c2e957a9f6ce.jpeg 1600w\" sizes=\"auto, (max-width: 1024px) 100vw, 1024px\" \/><\/figure>\n\n\n\n<figure class=\"wp-block-image size-large\"><img loading=\"lazy\" decoding=\"async\" width=\"1024\" height=\"682\" src=\"https:\/\/nordesteimprensa.com.br\/wp-content\/uploads\/2025\/03\/1bba77c2-545a-4f9b-b7ba-b445f45dc49b-1024x682.jpeg\" alt=\"\" class=\"wp-image-7027\" srcset=\"https:\/\/nordesteimprensa.com.br\/wp-content\/uploads\/2025\/03\/1bba77c2-545a-4f9b-b7ba-b445f45dc49b-1024x682.jpeg 1024w, https:\/\/nordesteimprensa.com.br\/wp-content\/uploads\/2025\/03\/1bba77c2-545a-4f9b-b7ba-b445f45dc49b-300x200.jpeg 300w, https:\/\/nordesteimprensa.com.br\/wp-content\/uploads\/2025\/03\/1bba77c2-545a-4f9b-b7ba-b445f45dc49b-768x512.jpeg 768w, https:\/\/nordesteimprensa.com.br\/wp-content\/uploads\/2025\/03\/1bba77c2-545a-4f9b-b7ba-b445f45dc49b-1536x1023.jpeg 1536w, https:\/\/nordesteimprensa.com.br\/wp-content\/uploads\/2025\/03\/1bba77c2-545a-4f9b-b7ba-b445f45dc49b-360x240.jpeg 360w, https:\/\/nordesteimprensa.com.br\/wp-content\/uploads\/2025\/03\/1bba77c2-545a-4f9b-b7ba-b445f45dc49b-600x400.jpeg 600w, https:\/\/nordesteimprensa.com.br\/wp-content\/uploads\/2025\/03\/1bba77c2-545a-4f9b-b7ba-b445f45dc49b.jpeg 1600w\" sizes=\"auto, (max-width: 1024px) 100vw, 1024px\" \/><\/figure>\n","protected":false},"excerpt":{"rendered":"<p>O \u2018Prato do Povo\u2019 atingiu um marco expressivo: 1 milh\u00e3o de refei\u00e7\u00f5es entregues para a popula\u00e7\u00e3o em situa\u00e7\u00e3o de vulnerabilidade. Em um ano de atua\u00e7\u00e3o, o programa do Governo do Estado, executado pela Secretaria de Estado da Assist\u00eancia Social, Inclus\u00e3o e Cidadania (Seasic), se tornou essencial para garantir alimenta\u00e7\u00e3o digna a milhares de sergipanos, promovendo [&hellip;]<\/p>\n","protected":false},"author":6,"featured_media":7029,"comment_status":"open","ping_status":"open","sticky":false,"template":"","format":"standard","meta":{"footnotes":""},"categories":[10],"tags":[],"class_list":{"0":"post-7025","1":"post","2":"type-post","3":"status-publish","4":"format-standard","5":"has-post-thumbnail","7":"category-theme-features"},"_links":{"self":[{"href":"https:\/\/nordesteimprensa.com.br\/index.php\/wp-json\/wp\/v2\/posts\/7025","targetHints":{"allow":["GET"]}}],"collection":[{"href":"https:\/\/nordesteimprensa.com.br\/index.php\/wp-json\/wp\/v2\/posts"}],"about":[{"href":"https:\/\/nordesteimprensa.com.br\/index.php\/wp-json\/wp\/v2\/types\/post"}],"author":[{"embeddable":true,"href":"https:\/\/nordesteimprensa.com.br\/index.php\/wp-json\/wp\/v2\/users\/6"}],"replies":[{"embeddable":true,"href":"https:\/\/nordesteimprensa.com.br\/index.php\/wp-json\/wp\/v2\/comments?post=7025"}],"version-history":[{"count":1,"href":"https:\/\/nordesteimprensa.com.br\/index.php\/wp-json\/wp\/v2\/posts\/7025\/revisions"}],"predecessor-version":[{"id":7030,"href":"https:\/\/nordesteimprensa.com.br\/index.php\/wp-json\/wp\/v2\/posts\/7025\/revisions\/7030"}],"wp:featuredmedia":[{"embeddable":true,"href":"https:\/\/nordesteimprensa.com.br\/index.php\/wp-json\/wp\/v2\/media\/7029"}],"wp:attachment":[{"href":"https:\/\/nordesteimprensa.com.br\/index.php\/wp-json\/wp\/v2\/media?parent=7025"}],"wp:term":[{"taxonomy":"category","embeddable":true,"href":"https:\/\/nordesteimprensa.com.br\/index.php\/wp-json\/wp\/v2\/categories?post=7025"},{"taxonomy":"post_tag","embeddable":true,"href":"https:\/\/nordesteimprensa.com.br\/index.php\/wp-json\/wp\/v2\/tags?post=7025"}],"curies":[{"name":"wp","href":"https:\/\/api.w.org\/{rel}","templated":true}]}}