{"id":7031,"date":"2025-03-26T16:48:11","date_gmt":"2025-03-26T19:48:11","guid":{"rendered":"https:\/\/nordesteimprensa.com.br\/?p=7031"},"modified":"2025-03-26T16:48:11","modified_gmt":"2025-03-26T19:48:11","slug":"sergipanas-comemoram-dia-internacional-da-mulher-com-conquista-do-programa-opera-mulher-publi","status":"publish","type":"post","link":"https:\/\/nordesteimprensa.com.br\/index.php\/2025\/03\/26\/sergipanas-comemoram-dia-internacional-da-mulher-com-conquista-do-programa-opera-mulher-publi\/","title":{"rendered":"Sergipanas comemoram Dia Internacional da Mulher com conquista do programa Opera Mulher (Publi)"},"content":{"rendered":"\n<p>Modalidade do programa Opera Sergipe abrange mais procedimentos e atendimento especializado para a popula\u00e7\u00e3o feminina<\/p>\n\n\n\n<p>Este ano, o 8 de mar\u00e7o, Dia Internacional da Mulher, foi ainda mais simb\u00f3lico para as sergipanas. Isso porque o Governo do Estado lan\u00e7ou a segunda fase do programa de acelera\u00e7\u00e3o de filas para cirurgias eletivas, o \u2018Opera Sergipe\u2019, que, agora, inclui a modalidade \u2018Opera Mulher\u2019, abrangendo mais procedimentos e atendimento especializado para a popula\u00e7\u00e3o feminina. Na primeira fase do programa, j\u00e1 eram realizados alguns procedimentos voltados ao p\u00fablico feminino, como histerectomias (retirada \u00fatero), laqueadura tub\u00e1ria e colpoperineoplastia, e, para esta segunda fase, a oferta ser\u00e1 fortalecida com os novos procedimentos, como cirurgia para tratamento de endometriose e cirurgias de mamas (redu\u00e7\u00e3o e reconstru\u00e7\u00e3o).<\/p>\n\n\n\n<p>A pescadora Roselice dos Santos, de 51 anos, moradora de Aracaju, n\u00e3o escondeu a alegria em ter a oportunidade de, enfim, realizar sua cirurgia de redu\u00e7\u00e3o de mamas, ap\u00f3s dois anos de espera e tentativas. Para ela, a amplia\u00e7\u00e3o do programa da gest\u00e3o estadual veio para ajud\u00e1-la a realizar um sonho. \u201cEssa cirurgia sempre foi um desejo meu. J\u00e1 espero por ela h\u00e1 dois anos, mas, gra\u00e7as a Deus e ao governador F\u00e1bio Mitidieri, o \u2018Opera Sergipe\u2019 deu a oportunidade n\u00e3o s\u00f3 para mim, mas para muitas outras que est\u00e3o na fila de espera, sofrendo. Estou muito feliz com isso. Vai melhorar minha coluna, vou conseguir pescar melhor. \u00c0s vezes, quando a mar\u00e9 n\u00e3o est\u00e1 boa para pesca, eu vou fazer faxina e tamb\u00e9m tenho dificuldade por conta dos seios, ent\u00e3o a cirurgia vai me ajudar muito\u201d, relata.<\/p>\n\n\n\n<p>Assim como ela, a t\u00e9cnica de enfermagem Erm\u00ednia Oliveira, 32, do munic\u00edpio de Cristin\u00e1polis, tamb\u00e9m ansiosa para garantir sua vaga no \u2018Opera Sergipe\u2019, comemorou a inclus\u00e3o de novas cirurgias voltadas para as mulheres no programa, especialmente a de endometriose, pela qual ela aguarda h\u00e1 mais de cinco anos. Ela lembrou que a procura pelo procedimento tem sido uma demanda da popula\u00e7\u00e3o que convive com essa condi\u00e7\u00e3o, visto que, at\u00e9 ent\u00e3o, a cirurgia s\u00f3 era realizada no Hospital Universit\u00e1rio (HU), de modo que a inser\u00e7\u00e3o no programa do Governo do Estado ir\u00e1 ajudar a desafogar essas filas.<\/p>\n\n\n\n<p>\u201cAgora, com essa parceria do Governo do Estado com o Hospital Santa Isabel, estou muito feliz, pois n\u00e3o t\u00ednhamos essa expectativa antes\u201d, pontua, ao refor\u00e7ar que a doen\u00e7a traz in\u00fameros preju\u00edzos para o dia a dia das pacientes. \u201cS\u00e3o in\u00fameras faltas no trabalho e, no meu caso, o tratamento n\u00e3o deu certo, ent\u00e3o \u00e9 um caso cir\u00fargico. Agora vou melhorar minha qualidade de vida\u201d, prospecta.<\/p>\n\n\n\n<p>Para a representante do Grupo de Mulheres de Endometriose, Ana Carla Farias, a conquista da amplia\u00e7\u00e3o da realiza\u00e7\u00e3o das cirurgias para endometriose veio para proporcionar mais qualidade de vida \u00e0s pacientes que sofrem com essa condi\u00e7\u00e3o. \u201cSomos mulheres em busca de qualidade de vida e ficamos muito felizes e realizadas em saber que, agora, teremos. Estamos com expectativas muito boas e positivas. Esse programa est\u00e1 sendo de suma import\u00e2ncia para a nossa classe. Hoje, temos um grupo de mais de 100 mulheres com endometriose em todo o estado, com participantes de Aracaju, Nossa Senhora das Dores, Umba\u00faba, Sim\u00e3o Dias, Pedrinhas, e estamos reunidas no lan\u00e7amento da segunda fase do \u2018Opera Sergipe\u2019, gratas por todo esse acolhimento, que \u00e9 t\u00e3o fundamental para nossa classe, principalmente porque hoje, no Dia da Mulher, ent\u00e3o estamos sendo bem representadas\u201d, pondera.<\/p>\n\n\n\n<p>Quem tamb\u00e9m foi em busca do \u2018Opera Sergipe\u2019 como solu\u00e7\u00e3o para uma demanda de sa\u00fade foi a auxiliar de servi\u00e7os gerais G\u00e9sica de Jesus Santos, 35, de Aracaju, que precisa retirar um mioma uterino. \u201cEspero me operar o mais r\u00e1pido poss\u00edvel, e esta \u00e9 uma grande oportunidade. Vai melhorar muito minha qualidade de vida, porque eu vivo indo em urg\u00eancia, tenho sangramentos\u201d, conta.<\/p>\n\n\n\n<p>Opera Mulher<\/p>\n\n\n\n<p>Al\u00e9m da inclus\u00e3o de novos procedimentos voltados ao p\u00fablico feminino, o \u2018Opera Mulher\u2019 inclui outra s\u00e9rie de servi\u00e7os, como acolhimento especializado, com apoio emocional e assist\u00eancia humanizada \u00e0s pacientes durante o per\u00edodo pr\u00e9, trans e p\u00f3s-operat\u00f3rio; acompanhamento p\u00f3s-cir\u00fargico, com suporte e monitoramento das mulheres no per\u00edodo de recupera\u00e7\u00e3o, a fim de garantir que elas recebam a aten\u00e7\u00e3o necess\u00e1ria para sua reabilita\u00e7\u00e3o; orienta\u00e7\u00e3o, encaminhamento e direcionamento das pacientes para servi\u00e7os complementares de assist\u00eancia social e psicol\u00f3gica, quando necess\u00e1rio; garantia de atendimento humanizado, com foco na escuta ativa e na redu\u00e7\u00e3o de poss\u00edveis impactos psicol\u00f3gicos da cirurgia.<\/p>\n\n\n\n<p>Fora os atendimentos na \u00e1rea de sa\u00fade, as mulheres contempladas pelo programa tamb\u00e9m ter\u00e3o acesso a a\u00e7\u00f5es de conscientiza\u00e7\u00e3o sobre a import\u00e2ncia de denunciar casos de viol\u00eancia dom\u00e9stica e familiar e ao cadastro para vagas de emprego, em parceria com o N\u00facleo de Apoio ao Trabalhador (NAT), para oportunidades no mercado de trabalho no local.<\/p>\n\n\n\n<figure class=\"wp-block-gallery has-nested-images columns-default is-cropped wp-block-gallery-1 is-layout-flex wp-block-gallery-is-layout-flex\">\n<figure class=\"wp-block-image size-large\"><img loading=\"lazy\" decoding=\"async\" width=\"1024\" height=\"683\" data-id=\"7032\" src=\"https:\/\/nordesteimprensa.com.br\/wp-content\/uploads\/2025\/03\/47e5fa07-4409-47ee-856a-89f2442e4e5c-1024x683.jpeg\" alt=\"\" class=\"wp-image-7032\" srcset=\"https:\/\/nordesteimprensa.com.br\/wp-content\/uploads\/2025\/03\/47e5fa07-4409-47ee-856a-89f2442e4e5c-1024x683.jpeg 1024w, https:\/\/nordesteimprensa.com.br\/wp-content\/uploads\/2025\/03\/47e5fa07-4409-47ee-856a-89f2442e4e5c-300x200.jpeg 300w, https:\/\/nordesteimprensa.com.br\/wp-content\/uploads\/2025\/03\/47e5fa07-4409-47ee-856a-89f2442e4e5c-768x512.jpeg 768w, https:\/\/nordesteimprensa.com.br\/wp-content\/uploads\/2025\/03\/47e5fa07-4409-47ee-856a-89f2442e4e5c-1536x1024.jpeg 1536w, https:\/\/nordesteimprensa.com.br\/wp-content\/uploads\/2025\/03\/47e5fa07-4409-47ee-856a-89f2442e4e5c-360x240.jpeg 360w, https:\/\/nordesteimprensa.com.br\/wp-content\/uploads\/2025\/03\/47e5fa07-4409-47ee-856a-89f2442e4e5c-600x400.jpeg 600w, https:\/\/nordesteimprensa.com.br\/wp-content\/uploads\/2025\/03\/47e5fa07-4409-47ee-856a-89f2442e4e5c.jpeg 1600w\" sizes=\"auto, (max-width: 1024px) 100vw, 1024px\" \/><\/figure>\n\n\n\n<figure class=\"wp-block-image size-large\"><img loading=\"lazy\" decoding=\"async\" width=\"1024\" height=\"683\" data-id=\"7033\" src=\"https:\/\/nordesteimprensa.com.br\/wp-content\/uploads\/2025\/03\/5988e82e-28cc-45ce-91da-85b16f52ff8b-1024x683.jpeg\" alt=\"\" class=\"wp-image-7033\" srcset=\"https:\/\/nordesteimprensa.com.br\/wp-content\/uploads\/2025\/03\/5988e82e-28cc-45ce-91da-85b16f52ff8b-1024x683.jpeg 1024w, https:\/\/nordesteimprensa.com.br\/wp-content\/uploads\/2025\/03\/5988e82e-28cc-45ce-91da-85b16f52ff8b-300x200.jpeg 300w, https:\/\/nordesteimprensa.com.br\/wp-content\/uploads\/2025\/03\/5988e82e-28cc-45ce-91da-85b16f52ff8b-768x512.jpeg 768w, https:\/\/nordesteimprensa.com.br\/wp-content\/uploads\/2025\/03\/5988e82e-28cc-45ce-91da-85b16f52ff8b-1536x1024.jpeg 1536w, https:\/\/nordesteimprensa.com.br\/wp-content\/uploads\/2025\/03\/5988e82e-28cc-45ce-91da-85b16f52ff8b-360x240.jpeg 360w, https:\/\/nordesteimprensa.com.br\/wp-content\/uploads\/2025\/03\/5988e82e-28cc-45ce-91da-85b16f52ff8b-600x400.jpeg 600w, https:\/\/nordesteimprensa.com.br\/wp-content\/uploads\/2025\/03\/5988e82e-28cc-45ce-91da-85b16f52ff8b.jpeg 1600w\" sizes=\"auto, (max-width: 1024px) 100vw, 1024px\" \/><\/figure>\n\n\n\n<figure class=\"wp-block-image size-large\"><img loading=\"lazy\" decoding=\"async\" width=\"1024\" height=\"683\" data-id=\"7034\" src=\"https:\/\/nordesteimprensa.com.br\/wp-content\/uploads\/2025\/03\/bb2deba6-5499-47de-b370-0e33edee1531-1024x683.jpeg\" alt=\"\" class=\"wp-image-7034\" srcset=\"https:\/\/nordesteimprensa.com.br\/wp-content\/uploads\/2025\/03\/bb2deba6-5499-47de-b370-0e33edee1531-1024x683.jpeg 1024w, https:\/\/nordesteimprensa.com.br\/wp-content\/uploads\/2025\/03\/bb2deba6-5499-47de-b370-0e33edee1531-300x200.jpeg 300w, https:\/\/nordesteimprensa.com.br\/wp-content\/uploads\/2025\/03\/bb2deba6-5499-47de-b370-0e33edee1531-768x512.jpeg 768w, https:\/\/nordesteimprensa.com.br\/wp-content\/uploads\/2025\/03\/bb2deba6-5499-47de-b370-0e33edee1531-1536x1024.jpeg 1536w, https:\/\/nordesteimprensa.com.br\/wp-content\/uploads\/2025\/03\/bb2deba6-5499-47de-b370-0e33edee1531-360x240.jpeg 360w, https:\/\/nordesteimprensa.com.br\/wp-content\/uploads\/2025\/03\/bb2deba6-5499-47de-b370-0e33edee1531-600x400.jpeg 600w, https:\/\/nordesteimprensa.com.br\/wp-content\/uploads\/2025\/03\/bb2deba6-5499-47de-b370-0e33edee1531.jpeg 1600w\" sizes=\"auto, (max-width: 1024px) 100vw, 1024px\" \/><\/figure>\n\n\n\n<figure class=\"wp-block-image size-large\"><img loading=\"lazy\" decoding=\"async\" width=\"1024\" height=\"683\" data-id=\"7035\" src=\"https:\/\/nordesteimprensa.com.br\/wp-content\/uploads\/2025\/03\/3bdd8a21-275a-4faa-8d8c-254fead739e5-1024x683.jpeg\" alt=\"\" class=\"wp-image-7035\" srcset=\"https:\/\/nordesteimprensa.com.br\/wp-content\/uploads\/2025\/03\/3bdd8a21-275a-4faa-8d8c-254fead739e5-1024x683.jpeg 1024w, https:\/\/nordesteimprensa.com.br\/wp-content\/uploads\/2025\/03\/3bdd8a21-275a-4faa-8d8c-254fead739e5-300x200.jpeg 300w, https:\/\/nordesteimprensa.com.br\/wp-content\/uploads\/2025\/03\/3bdd8a21-275a-4faa-8d8c-254fead739e5-768x512.jpeg 768w, https:\/\/nordesteimprensa.com.br\/wp-content\/uploads\/2025\/03\/3bdd8a21-275a-4faa-8d8c-254fead739e5-1536x1024.jpeg 1536w, https:\/\/nordesteimprensa.com.br\/wp-content\/uploads\/2025\/03\/3bdd8a21-275a-4faa-8d8c-254fead739e5-360x240.jpeg 360w, https:\/\/nordesteimprensa.com.br\/wp-content\/uploads\/2025\/03\/3bdd8a21-275a-4faa-8d8c-254fead739e5-600x400.jpeg 600w, https:\/\/nordesteimprensa.com.br\/wp-content\/uploads\/2025\/03\/3bdd8a21-275a-4faa-8d8c-254fead739e5.jpeg 1600w\" sizes=\"auto, (max-width: 1024px) 100vw, 1024px\" \/><\/figure>\n<\/figure>\n","protected":false},"excerpt":{"rendered":"<p>Modalidade do programa Opera Sergipe abrange mais procedimentos e atendimento especializado para a popula\u00e7\u00e3o feminina Este ano, o 8 de mar\u00e7o, Dia Internacional da Mulher, foi ainda mais simb\u00f3lico para as sergipanas. Isso porque o Governo do Estado lan\u00e7ou a segunda fase do programa de acelera\u00e7\u00e3o de filas para cirurgias eletivas, o \u2018Opera Sergipe\u2019, que, [&hellip;]<\/p>\n","protected":false},"author":6,"featured_media":7036,"comment_status":"open","ping_status":"open","sticky":false,"template":"","format":"standard","meta":{"footnotes":""},"categories":[10],"tags":[],"class_list":{"0":"post-7031","1":"post","2":"type-post","3":"status-publish","4":"format-standard","5":"has-post-thumbnail","7":"category-theme-features"},"_links":{"self":[{"href":"https:\/\/nordesteimprensa.com.br\/index.php\/wp-json\/wp\/v2\/posts\/7031","targetHints":{"allow":["GET"]}}],"collection":[{"href":"https:\/\/nordesteimprensa.com.br\/index.php\/wp-json\/wp\/v2\/posts"}],"about":[{"href":"https:\/\/nordesteimprensa.com.br\/index.php\/wp-json\/wp\/v2\/types\/post"}],"author":[{"embeddable":true,"href":"https:\/\/nordesteimprensa.com.br\/index.php\/wp-json\/wp\/v2\/users\/6"}],"replies":[{"embeddable":true,"href":"https:\/\/nordesteimprensa.com.br\/index.php\/wp-json\/wp\/v2\/comments?post=7031"}],"version-history":[{"count":1,"href":"https:\/\/nordesteimprensa.com.br\/index.php\/wp-json\/wp\/v2\/posts\/7031\/revisions"}],"predecessor-version":[{"id":7037,"href":"https:\/\/nordesteimprensa.com.br\/index.php\/wp-json\/wp\/v2\/posts\/7031\/revisions\/7037"}],"wp:featuredmedia":[{"embeddable":true,"href":"https:\/\/nordesteimprensa.com.br\/index.php\/wp-json\/wp\/v2\/media\/7036"}],"wp:attachment":[{"href":"https:\/\/nordesteimprensa.com.br\/index.php\/wp-json\/wp\/v2\/media?parent=7031"}],"wp:term":[{"taxonomy":"category","embeddable":true,"href":"https:\/\/nordesteimprensa.com.br\/index.php\/wp-json\/wp\/v2\/categories?post=7031"},{"taxonomy":"post_tag","embeddable":true,"href":"https:\/\/nordesteimprensa.com.br\/index.php\/wp-json\/wp\/v2\/tags?post=7031"}],"curies":[{"name":"wp","href":"https:\/\/api.w.org\/{rel}","templated":true}]}}