{"id":7047,"date":"2025-03-27T11:37:05","date_gmt":"2025-03-27T14:37:05","guid":{"rendered":"https:\/\/nordesteimprensa.com.br\/?p=7047"},"modified":"2025-03-27T11:37:06","modified_gmt":"2025-03-27T14:37:06","slug":"memorial-de-sergipe-inaugura-exposicao-em-homenagem-ao-centenario-de-dom-luciano-jose-cabral-duarte","status":"publish","type":"post","link":"https:\/\/nordesteimprensa.com.br\/index.php\/2025\/03\/27\/memorial-de-sergipe-inaugura-exposicao-em-homenagem-ao-centenario-de-dom-luciano-jose-cabral-duarte\/","title":{"rendered":"Memorial de Sergipe inaugura exposi\u00e7\u00e3o em homenagem ao centen\u00e1rio de Dom Luciano Jos\u00e9 Cabral Duarte"},"content":{"rendered":"\n<p>O Memorial de Sergipe Professor Jouberto Uch\u00f4a tem a honra de anunciar a abertura da exposi\u00e7\u00e3o &#8220;Eu Sei em Quem Acreditei&#8221;, uma homenagem ao centen\u00e1rio de Dom Luciano Jos\u00e9 Cabral Duarte. O evento acontece no dia 27 de mar\u00e7o, \u00e0s 19h, reunindo convidados especiais&nbsp; e representantes da Academia Sergipana de Letras e da Arquidiocese de Aracaju.<\/p>\n\n\n\n<p>A cerim\u00f4nia de abertura contar\u00e1 com a presen\u00e7a de autoridades e personalidades ligadas \u00e0 cultura, \u00e0 educa\u00e7\u00e3o e \u00e0 religiosidade de Sergipe. Entre os confirmados est\u00e3o&nbsp;Dom Josaf\u00e1 Menezes, Arcebispo Metropolitano da Arquidiocese de Aracaju e Dr. Jos\u00e9 Anderson Nascimento, Presidente da Academia Sergipana de Letras.<\/p>\n\n\n\n<p>Durante o evento, ser\u00e1 realizada uma palestra especial ministrada pela Professora Ver\u00f4nica Nunes, intitulada &#8220;Sei em Quem Acreditei: Caminhos da Cole\u00e7\u00e3o&#8221;.<\/p>\n\n\n\n<p>Como parte da programa\u00e7\u00e3o, ser\u00e1 exibido o document\u00e1rio &#8220;Eu Sei em Quem Acreditei&#8221;, que apresenta a trajet\u00f3ria de Dom Luciano e sua import\u00e2ncia para a educa\u00e7\u00e3o e a f\u00e9 em Sergipe.<\/p>\n\n\n\n<p>Em seguida, os presentes ser\u00e3o convidados a visitar a exposi\u00e7\u00e3o, que re\u00fane objetos pessoais, documentos, fotografias e outras pe\u00e7as que ajudam a contar a hist\u00f3ria desse um educador, intelectual e l\u00edder religioso que marcou a hist\u00f3ria de Sergipe com seu trabalho voltado para o desenvolvimento do ensino e da cultura.&nbsp;<\/p>\n\n\n\n<p>A exposi\u00e7\u00e3o &#8220;Eu Sei em Quem Acreditei&#8221; estar\u00e1 aberta ao p\u00fablico no Memorial de Sergipe Professor Jouberto Uch\u00f4a, proporcionando uma experi\u00eancia enriquecedora para aqueles que desejam conhecer mais sobre a trajet\u00f3ria de Dom Luciano.<\/p>\n\n\n\n<p><br><strong>Programa\u00e7\u00e3o:<\/strong><\/p>\n\n\n\n<p>19h00 &#8211; Abertura e Apresenta\u00e7\u00e3o Musical com a cantora l\u00edrica Mar\u00edlia Teixeira<\/p>\n\n\n\n<p>19h30 &#8211; Palestra &#8220;Sei em Quem Acreditei: Caminhos da Cole\u00e7\u00e3o&#8221;, com a Professora Doutora Ver\u00f4nica Nunes<\/p>\n\n\n\n<p>20h &#8211; Exibi\u00e7\u00e3o do Document\u00e1rio &#8220;Eu Sei em Quem Acreditei&#8221;<\/p>\n\n\n\n<p>20h30 &#8211; Abertura Oficial da Exposi\u00e7\u00e3o<\/p>\n\n\n\n<p>Fonte: A8se<\/p>\n","protected":false},"excerpt":{"rendered":"<p>O Memorial de Sergipe Professor Jouberto Uch\u00f4a tem a honra de anunciar a abertura da exposi\u00e7\u00e3o &#8220;Eu Sei em Quem Acreditei&#8221;, uma homenagem ao centen\u00e1rio de Dom Luciano Jos\u00e9 Cabral Duarte. O evento acontece no dia 27 de mar\u00e7o, \u00e0s 19h, reunindo convidados especiais&nbsp; e representantes da Academia Sergipana de Letras e da Arquidiocese de [&hellip;]<\/p>\n","protected":false},"author":6,"featured_media":7048,"comment_status":"open","ping_status":"open","sticky":false,"template":"","format":"standard","meta":{"footnotes":""},"categories":[10],"tags":[],"class_list":{"0":"post-7047","1":"post","2":"type-post","3":"status-publish","4":"format-standard","5":"has-post-thumbnail","7":"category-theme-features"},"_links":{"self":[{"href":"https:\/\/nordesteimprensa.com.br\/index.php\/wp-json\/wp\/v2\/posts\/7047","targetHints":{"allow":["GET"]}}],"collection":[{"href":"https:\/\/nordesteimprensa.com.br\/index.php\/wp-json\/wp\/v2\/posts"}],"about":[{"href":"https:\/\/nordesteimprensa.com.br\/index.php\/wp-json\/wp\/v2\/types\/post"}],"author":[{"embeddable":true,"href":"https:\/\/nordesteimprensa.com.br\/index.php\/wp-json\/wp\/v2\/users\/6"}],"replies":[{"embeddable":true,"href":"https:\/\/nordesteimprensa.com.br\/index.php\/wp-json\/wp\/v2\/comments?post=7047"}],"version-history":[{"count":1,"href":"https:\/\/nordesteimprensa.com.br\/index.php\/wp-json\/wp\/v2\/posts\/7047\/revisions"}],"predecessor-version":[{"id":7049,"href":"https:\/\/nordesteimprensa.com.br\/index.php\/wp-json\/wp\/v2\/posts\/7047\/revisions\/7049"}],"wp:featuredmedia":[{"embeddable":true,"href":"https:\/\/nordesteimprensa.com.br\/index.php\/wp-json\/wp\/v2\/media\/7048"}],"wp:attachment":[{"href":"https:\/\/nordesteimprensa.com.br\/index.php\/wp-json\/wp\/v2\/media?parent=7047"}],"wp:term":[{"taxonomy":"category","embeddable":true,"href":"https:\/\/nordesteimprensa.com.br\/index.php\/wp-json\/wp\/v2\/categories?post=7047"},{"taxonomy":"post_tag","embeddable":true,"href":"https:\/\/nordesteimprensa.com.br\/index.php\/wp-json\/wp\/v2\/tags?post=7047"}],"curies":[{"name":"wp","href":"https:\/\/api.w.org\/{rel}","templated":true}]}}