{"id":7050,"date":"2025-03-27T11:38:19","date_gmt":"2025-03-27T14:38:19","guid":{"rendered":"https:\/\/nordesteimprensa.com.br\/?p=7050"},"modified":"2025-03-27T11:38:20","modified_gmt":"2025-03-27T14:38:20","slug":"familia-de-ciclista-morto-em-itabaiana-cobra-justica-mais-de-30-dias-apos-acidente","status":"publish","type":"post","link":"https:\/\/nordesteimprensa.com.br\/index.php\/2025\/03\/27\/familia-de-ciclista-morto-em-itabaiana-cobra-justica-mais-de-30-dias-apos-acidente\/","title":{"rendered":"Fam\u00edlia de ciclista morto em Itabaiana cobra justi\u00e7a mais de 30 dias ap\u00f3s acidente"},"content":{"rendered":"\n<p>Mais de 30 dias ap\u00f3s o atropelamento que resultou na morte de um ciclista em Itabaiana, a fam\u00edlia da v\u00edtima ainda n\u00e3o obteve respostas claras sobre o andamento das investiga\u00e7\u00f5es. De acordo com os parentes, as autoridades n\u00e3o fornecem informa\u00e7\u00f5es concretas sobre o caso, e o respons\u00e1vel pelo acidente continua sem ser identificado ou responsabilizado.<\/p>\n\n\n\n<p>Em busca de justi\u00e7a, os familiares pedem urg\u00eancia na apura\u00e7\u00e3o do crime. &#8220;O que queremos \u00e9 justi\u00e7a, n\u00e3o vingan\u00e7a. Perdemos um ente querido e n\u00e3o podemos permitir que isso seja esquecido ou que a pessoa respons\u00e1vel saia impune&#8221;, declarou um membro da fam\u00edlia, demonstrando a dor e a indigna\u00e7\u00e3o pela falta de respostas.<\/p>\n\n\n\n<p>O caso segue sendo investigado pelas autoridades competentes, mas a fam\u00edlia se mant\u00e9m angustiada pela demora na resolu\u00e7\u00e3o. Eles aguardam que a pol\u00edcia avance na identifica\u00e7\u00e3o do culpado e que ele seja punido de acordo com a lei. A press\u00e3o por uma resposta r\u00e1pida continua crescente, enquanto amigos, parentes e a popula\u00e7\u00e3o se solidarizam com a dor da fam\u00edlia.<\/p>\n\n\n\n<p>Fonte: Itnet<\/p>\n","protected":false},"excerpt":{"rendered":"<p>Mais de 30 dias ap\u00f3s o atropelamento que resultou na morte de um ciclista em Itabaiana, a fam\u00edlia da v\u00edtima ainda n\u00e3o obteve respostas claras sobre o andamento das investiga\u00e7\u00f5es. De acordo com os parentes, as autoridades n\u00e3o fornecem informa\u00e7\u00f5es concretas sobre o caso, e o respons\u00e1vel pelo acidente continua sem ser identificado ou responsabilizado. [&hellip;]<\/p>\n","protected":false},"author":6,"featured_media":7051,"comment_status":"open","ping_status":"open","sticky":false,"template":"","format":"standard","meta":{"footnotes":""},"categories":[10],"tags":[],"class_list":{"0":"post-7050","1":"post","2":"type-post","3":"status-publish","4":"format-standard","5":"has-post-thumbnail","7":"category-theme-features"},"_links":{"self":[{"href":"https:\/\/nordesteimprensa.com.br\/index.php\/wp-json\/wp\/v2\/posts\/7050","targetHints":{"allow":["GET"]}}],"collection":[{"href":"https:\/\/nordesteimprensa.com.br\/index.php\/wp-json\/wp\/v2\/posts"}],"about":[{"href":"https:\/\/nordesteimprensa.com.br\/index.php\/wp-json\/wp\/v2\/types\/post"}],"author":[{"embeddable":true,"href":"https:\/\/nordesteimprensa.com.br\/index.php\/wp-json\/wp\/v2\/users\/6"}],"replies":[{"embeddable":true,"href":"https:\/\/nordesteimprensa.com.br\/index.php\/wp-json\/wp\/v2\/comments?post=7050"}],"version-history":[{"count":1,"href":"https:\/\/nordesteimprensa.com.br\/index.php\/wp-json\/wp\/v2\/posts\/7050\/revisions"}],"predecessor-version":[{"id":7052,"href":"https:\/\/nordesteimprensa.com.br\/index.php\/wp-json\/wp\/v2\/posts\/7050\/revisions\/7052"}],"wp:featuredmedia":[{"embeddable":true,"href":"https:\/\/nordesteimprensa.com.br\/index.php\/wp-json\/wp\/v2\/media\/7051"}],"wp:attachment":[{"href":"https:\/\/nordesteimprensa.com.br\/index.php\/wp-json\/wp\/v2\/media?parent=7050"}],"wp:term":[{"taxonomy":"category","embeddable":true,"href":"https:\/\/nordesteimprensa.com.br\/index.php\/wp-json\/wp\/v2\/categories?post=7050"},{"taxonomy":"post_tag","embeddable":true,"href":"https:\/\/nordesteimprensa.com.br\/index.php\/wp-json\/wp\/v2\/tags?post=7050"}],"curies":[{"name":"wp","href":"https:\/\/api.w.org\/{rel}","templated":true}]}}