{"id":7054,"date":"2025-03-28T17:43:32","date_gmt":"2025-03-28T20:43:32","guid":{"rendered":"https:\/\/nordesteimprensa.com.br\/?p=7054"},"modified":"2025-03-28T17:43:33","modified_gmt":"2025-03-28T20:43:33","slug":"bombeiros-combatem-principio-de-incendio-em-shopping-popular-de-aracaju","status":"publish","type":"post","link":"https:\/\/nordesteimprensa.com.br\/index.php\/2025\/03\/28\/bombeiros-combatem-principio-de-incendio-em-shopping-popular-de-aracaju\/","title":{"rendered":"Bombeiros combatem princ\u00edpio de inc\u00eandio em Shopping Popular de Aracaju"},"content":{"rendered":"\n<p>O Corpo de Bombeiros Militar de Sergipe (CBMSE) controlou um princ\u00edpio de inc\u00eandio em um Shopping Popular no Centro de Aracaju, na manh\u00e3 desta sexta-feira, 28.<\/p>\n\n\n\n<p>O fogo come\u00e7ou na rede el\u00e9trica, entre o forro e o telhado do estabelecimento. Populares iniciaram o combate com extintores, e os bombeiros conclu\u00edram o trabalho. Uma funcion\u00e1ria com dificuldades respirat\u00f3rias foi socorrida e levada ao hospital pelo SAMU.<\/p>\n\n\n\n<p>A causa do inc\u00eandio ser\u00e1 investigada.<\/p>\n\n\n\n<p>Fonte: Fanf1<\/p>\n","protected":false},"excerpt":{"rendered":"<p>O Corpo de Bombeiros Militar de Sergipe (CBMSE) controlou um princ\u00edpio de inc\u00eandio em um Shopping Popular no Centro de Aracaju, na manh\u00e3 desta sexta-feira, 28. O fogo come\u00e7ou na rede el\u00e9trica, entre o forro e o telhado do estabelecimento. Populares iniciaram o combate com extintores, e os bombeiros conclu\u00edram o trabalho. Uma funcion\u00e1ria com [&hellip;]<\/p>\n","protected":false},"author":6,"featured_media":7055,"comment_status":"open","ping_status":"open","sticky":false,"template":"","format":"standard","meta":{"footnotes":""},"categories":[10],"tags":[],"class_list":{"0":"post-7054","1":"post","2":"type-post","3":"status-publish","4":"format-standard","5":"has-post-thumbnail","7":"category-theme-features"},"_links":{"self":[{"href":"https:\/\/nordesteimprensa.com.br\/index.php\/wp-json\/wp\/v2\/posts\/7054","targetHints":{"allow":["GET"]}}],"collection":[{"href":"https:\/\/nordesteimprensa.com.br\/index.php\/wp-json\/wp\/v2\/posts"}],"about":[{"href":"https:\/\/nordesteimprensa.com.br\/index.php\/wp-json\/wp\/v2\/types\/post"}],"author":[{"embeddable":true,"href":"https:\/\/nordesteimprensa.com.br\/index.php\/wp-json\/wp\/v2\/users\/6"}],"replies":[{"embeddable":true,"href":"https:\/\/nordesteimprensa.com.br\/index.php\/wp-json\/wp\/v2\/comments?post=7054"}],"version-history":[{"count":1,"href":"https:\/\/nordesteimprensa.com.br\/index.php\/wp-json\/wp\/v2\/posts\/7054\/revisions"}],"predecessor-version":[{"id":7056,"href":"https:\/\/nordesteimprensa.com.br\/index.php\/wp-json\/wp\/v2\/posts\/7054\/revisions\/7056"}],"wp:featuredmedia":[{"embeddable":true,"href":"https:\/\/nordesteimprensa.com.br\/index.php\/wp-json\/wp\/v2\/media\/7055"}],"wp:attachment":[{"href":"https:\/\/nordesteimprensa.com.br\/index.php\/wp-json\/wp\/v2\/media?parent=7054"}],"wp:term":[{"taxonomy":"category","embeddable":true,"href":"https:\/\/nordesteimprensa.com.br\/index.php\/wp-json\/wp\/v2\/categories?post=7054"},{"taxonomy":"post_tag","embeddable":true,"href":"https:\/\/nordesteimprensa.com.br\/index.php\/wp-json\/wp\/v2\/tags?post=7054"}],"curies":[{"name":"wp","href":"https:\/\/api.w.org\/{rel}","templated":true}]}}