{"id":7071,"date":"2025-03-31T19:20:38","date_gmt":"2025-03-31T22:20:38","guid":{"rendered":"https:\/\/nordesteimprensa.com.br\/?p=7071"},"modified":"2025-03-31T19:20:38","modified_gmt":"2025-03-31T22:20:38","slug":"novo-espaco-do-terminal-pesqueiro-de-aracaju-entra-em-funcionamento-nesta-terca-feira-1o","status":"publish","type":"post","link":"https:\/\/nordesteimprensa.com.br\/index.php\/2025\/03\/31\/novo-espaco-do-terminal-pesqueiro-de-aracaju-entra-em-funcionamento-nesta-terca-feira-1o\/","title":{"rendered":"NOVO ESPA\u00c7O DO TERMINAL PESQUEIRO DE ARACAJU ENTRA EM FUNCIONAMENTO NESTA TER\u00c7A-FEIRA, 1\u00ba"},"content":{"rendered":"\n<p>A partir desta ter\u00e7a-feira, 1\u00ba de abril, os comerciantes de pescados que atuam na regi\u00e3o do Terminal Pesqueiro de Aracaju passar\u00e3o a operar em um novo espa\u00e7o estruturado pela Prefeitura de Aracaju, por meio da Empresa Municipal de Servi\u00e7os Urbanos (Emsurb). A iniciativa visa proporcionar melhores condi\u00e7\u00f5es de trabalho para os vendedores, al\u00e9m de mais conforto, higiene e seguran\u00e7a para os consumidores.<\/p>\n\n\n\n<p>O novo local, situado no estacionamento em frente ao antigo ponto de venda, foi projetado para oferecer mais organiza\u00e7\u00e3o e funcionalidade. A estrutura conta com bancas padronizadas, cobertura com tendas, paisagismo, lixeiras, banheiros e outros itens de apoio, garantindo um ambiente mais adequado para a comercializa\u00e7\u00e3o dos pescados.<\/p>\n\n\n\n<p>De acordo com o diretor de Espa\u00e7os P\u00fablicos e Abastecimento da Emsurb, Bertulino Menezes, a mudan\u00e7a busca solucionar parte dos desafios enfrentados pelos trabalhadores do setor. \u201cEstamos entregando um espa\u00e7o mais estruturado, com divis\u00f5es adequadas, para assegurar seguran\u00e7a, limpeza e dignidade tanto para os comerciantes quanto para os consumidores\u201d, ressaltou.<\/p>\n\n\n\n<p>Fonte: Fanf1<\/p>\n","protected":false},"excerpt":{"rendered":"<p>A partir desta ter\u00e7a-feira, 1\u00ba de abril, os comerciantes de pescados que atuam na regi\u00e3o do Terminal Pesqueiro de Aracaju passar\u00e3o a operar em um novo espa\u00e7o estruturado pela Prefeitura de Aracaju, por meio da Empresa Municipal de Servi\u00e7os Urbanos (Emsurb). A iniciativa visa proporcionar melhores condi\u00e7\u00f5es de trabalho para os vendedores, al\u00e9m de mais [&hellip;]<\/p>\n","protected":false},"author":6,"featured_media":7072,"comment_status":"open","ping_status":"open","sticky":false,"template":"","format":"standard","meta":{"footnotes":""},"categories":[10],"tags":[],"class_list":{"0":"post-7071","1":"post","2":"type-post","3":"status-publish","4":"format-standard","5":"has-post-thumbnail","7":"category-theme-features"},"_links":{"self":[{"href":"https:\/\/nordesteimprensa.com.br\/index.php\/wp-json\/wp\/v2\/posts\/7071","targetHints":{"allow":["GET"]}}],"collection":[{"href":"https:\/\/nordesteimprensa.com.br\/index.php\/wp-json\/wp\/v2\/posts"}],"about":[{"href":"https:\/\/nordesteimprensa.com.br\/index.php\/wp-json\/wp\/v2\/types\/post"}],"author":[{"embeddable":true,"href":"https:\/\/nordesteimprensa.com.br\/index.php\/wp-json\/wp\/v2\/users\/6"}],"replies":[{"embeddable":true,"href":"https:\/\/nordesteimprensa.com.br\/index.php\/wp-json\/wp\/v2\/comments?post=7071"}],"version-history":[{"count":1,"href":"https:\/\/nordesteimprensa.com.br\/index.php\/wp-json\/wp\/v2\/posts\/7071\/revisions"}],"predecessor-version":[{"id":7073,"href":"https:\/\/nordesteimprensa.com.br\/index.php\/wp-json\/wp\/v2\/posts\/7071\/revisions\/7073"}],"wp:featuredmedia":[{"embeddable":true,"href":"https:\/\/nordesteimprensa.com.br\/index.php\/wp-json\/wp\/v2\/media\/7072"}],"wp:attachment":[{"href":"https:\/\/nordesteimprensa.com.br\/index.php\/wp-json\/wp\/v2\/media?parent=7071"}],"wp:term":[{"taxonomy":"category","embeddable":true,"href":"https:\/\/nordesteimprensa.com.br\/index.php\/wp-json\/wp\/v2\/categories?post=7071"},{"taxonomy":"post_tag","embeddable":true,"href":"https:\/\/nordesteimprensa.com.br\/index.php\/wp-json\/wp\/v2\/tags?post=7071"}],"curies":[{"name":"wp","href":"https:\/\/api.w.org\/{rel}","templated":true}]}}