{"id":7074,"date":"2025-03-31T19:22:19","date_gmt":"2025-03-31T22:22:19","guid":{"rendered":"https:\/\/nordesteimprensa.com.br\/?p=7074"},"modified":"2025-03-31T19:22:20","modified_gmt":"2025-03-31T22:22:20","slug":"investigacoes-apuram-causas-do-acidente-que-matou-cardiologista-alagoano-em-aracaju","status":"publish","type":"post","link":"https:\/\/nordesteimprensa.com.br\/index.php\/2025\/03\/31\/investigacoes-apuram-causas-do-acidente-que-matou-cardiologista-alagoano-em-aracaju\/","title":{"rendered":"Investiga\u00e7\u00f5es apuram causas do acidente que matou cardiologista alagoano em Aracaju"},"content":{"rendered":"\n<p>As circunst\u00e2ncias do acidente de jet ski que resultou na morte do cardiologista Eduardo Jos\u00e9 Pereira Ferreira, de 49 anos, ainda est\u00e3o sendo investigadas. Natural de Macei\u00f3, o m\u00e9dico sofreu o acidente no \u00faltimo s\u00e1bado (29), na Orla P\u00f4r do Sol, em Aracaju, e faleceu no domingo (30) ap\u00f3s n\u00e3o resistir aos ferimentos.<\/p>\n\n\n\n<p>A Capitania dos Portos instaurou um inqu\u00e9rito administrativo para apurar o que teria provocado o acidente e poss\u00edveis responsabilidades. At\u00e9 o momento, n\u00e3o h\u00e1 detalhes sobre a din\u00e2mica do ocorrido, como se Eduardo perdeu o controle do jet ski, colidiu com algum obst\u00e1culo ou se houve a participa\u00e7\u00e3o de terceiros.<\/p>\n\n\n\n<p>O cardiologista atuava no setor de hemodin\u00e2mica do Hospital de Cirurgia, que emitiu nota lamentando sua perda. Ele foi sepultado na tarde de ontem no Cemit\u00e9rio Colina da Saudade, em Aracaju, deixando esposa e um filho.<\/p>\n\n\n\n<p>Fonte: Itnet<\/p>\n","protected":false},"excerpt":{"rendered":"<p>As circunst\u00e2ncias do acidente de jet ski que resultou na morte do cardiologista Eduardo Jos\u00e9 Pereira Ferreira, de 49 anos, ainda est\u00e3o sendo investigadas. Natural de Macei\u00f3, o m\u00e9dico sofreu o acidente no \u00faltimo s\u00e1bado (29), na Orla P\u00f4r do Sol, em Aracaju, e faleceu no domingo (30) ap\u00f3s n\u00e3o resistir aos ferimentos. A Capitania [&hellip;]<\/p>\n","protected":false},"author":6,"featured_media":7075,"comment_status":"open","ping_status":"open","sticky":false,"template":"","format":"standard","meta":{"footnotes":""},"categories":[10],"tags":[],"class_list":{"0":"post-7074","1":"post","2":"type-post","3":"status-publish","4":"format-standard","5":"has-post-thumbnail","7":"category-theme-features"},"_links":{"self":[{"href":"https:\/\/nordesteimprensa.com.br\/index.php\/wp-json\/wp\/v2\/posts\/7074","targetHints":{"allow":["GET"]}}],"collection":[{"href":"https:\/\/nordesteimprensa.com.br\/index.php\/wp-json\/wp\/v2\/posts"}],"about":[{"href":"https:\/\/nordesteimprensa.com.br\/index.php\/wp-json\/wp\/v2\/types\/post"}],"author":[{"embeddable":true,"href":"https:\/\/nordesteimprensa.com.br\/index.php\/wp-json\/wp\/v2\/users\/6"}],"replies":[{"embeddable":true,"href":"https:\/\/nordesteimprensa.com.br\/index.php\/wp-json\/wp\/v2\/comments?post=7074"}],"version-history":[{"count":1,"href":"https:\/\/nordesteimprensa.com.br\/index.php\/wp-json\/wp\/v2\/posts\/7074\/revisions"}],"predecessor-version":[{"id":7076,"href":"https:\/\/nordesteimprensa.com.br\/index.php\/wp-json\/wp\/v2\/posts\/7074\/revisions\/7076"}],"wp:featuredmedia":[{"embeddable":true,"href":"https:\/\/nordesteimprensa.com.br\/index.php\/wp-json\/wp\/v2\/media\/7075"}],"wp:attachment":[{"href":"https:\/\/nordesteimprensa.com.br\/index.php\/wp-json\/wp\/v2\/media?parent=7074"}],"wp:term":[{"taxonomy":"category","embeddable":true,"href":"https:\/\/nordesteimprensa.com.br\/index.php\/wp-json\/wp\/v2\/categories?post=7074"},{"taxonomy":"post_tag","embeddable":true,"href":"https:\/\/nordesteimprensa.com.br\/index.php\/wp-json\/wp\/v2\/tags?post=7074"}],"curies":[{"name":"wp","href":"https:\/\/api.w.org\/{rel}","templated":true}]}}