{"id":7079,"date":"2025-04-02T11:04:28","date_gmt":"2025-04-02T14:04:28","guid":{"rendered":"https:\/\/nordesteimprensa.com.br\/?p=7079"},"modified":"2025-04-02T11:04:29","modified_gmt":"2025-04-02T14:04:29","slug":"policia-federal-realiza-operacao-de-combate-a-extracao-ilegal-de-argila-em-capela","status":"publish","type":"post","link":"https:\/\/nordesteimprensa.com.br\/index.php\/2025\/04\/02\/policia-federal-realiza-operacao-de-combate-a-extracao-ilegal-de-argila-em-capela\/","title":{"rendered":"POL\u00cdCIA FEDERAL REALIZA OPERA\u00c7\u00c3O DE COMBATE A EXTRA\u00c7\u00c3O ILEGAL DE ARGILA EM CAPELA"},"content":{"rendered":"\n<p>A Pol\u00edcia Federal em conjunto com a Ag\u00eancia Nacional de Minera\u00e7\u00e3o (ANM) deflagrou nesta quarta-feira (2) uma opera\u00e7\u00e3o para reprimir a extra\u00e7\u00e3o ilegal de argila em&nbsp;Capela. O valor do material extra\u00eddo ilegalmente \u00e9 estimado em R$ 500 mil. Os crimes investigados incluem usurpa\u00e7\u00e3o de mat\u00e9ria-prima pertencente \u00e0 Uni\u00e3o e lavra ilegal de recursos minerais.&nbsp;<\/p>\n\n\n\n<p>Segundo a PF, um mandado de busca e apreens\u00e3o foi cumprido na sede da empresa investigada, no munic\u00edpio. Tamb\u00e9m foi determinada medida cautelar de suspens\u00e3o parcial das atividades econ\u00f4micas desenvolvidas pela empresa.&nbsp;A investiga\u00e7\u00e3o, iniciada por meio de levantamentos realizados por peritos e agentes da Pol\u00edcia Federal com aux\u00edlio de drones, revelou a escava\u00e7\u00e3o e explora\u00e7\u00e3o ilegal de argila, um recurso mineral pertencente \u00e0 Uni\u00e3o, em \u00e1rea sem autoriza\u00e7\u00e3o da ANM.<\/p>\n\n\n\n<p>Fonte: G1<\/p>\n","protected":false},"excerpt":{"rendered":"<p>A Pol\u00edcia Federal em conjunto com a Ag\u00eancia Nacional de Minera\u00e7\u00e3o (ANM) deflagrou nesta quarta-feira (2) uma opera\u00e7\u00e3o para reprimir a extra\u00e7\u00e3o ilegal de argila em&nbsp;Capela. O valor do material extra\u00eddo ilegalmente \u00e9 estimado em R$ 500 mil. Os crimes investigados incluem usurpa\u00e7\u00e3o de mat\u00e9ria-prima pertencente \u00e0 Uni\u00e3o e lavra ilegal de recursos minerais.&nbsp; Segundo [&hellip;]<\/p>\n","protected":false},"author":6,"featured_media":7080,"comment_status":"open","ping_status":"open","sticky":false,"template":"","format":"standard","meta":{"footnotes":""},"categories":[10],"tags":[],"class_list":{"0":"post-7079","1":"post","2":"type-post","3":"status-publish","4":"format-standard","5":"has-post-thumbnail","7":"category-theme-features"},"_links":{"self":[{"href":"https:\/\/nordesteimprensa.com.br\/index.php\/wp-json\/wp\/v2\/posts\/7079","targetHints":{"allow":["GET"]}}],"collection":[{"href":"https:\/\/nordesteimprensa.com.br\/index.php\/wp-json\/wp\/v2\/posts"}],"about":[{"href":"https:\/\/nordesteimprensa.com.br\/index.php\/wp-json\/wp\/v2\/types\/post"}],"author":[{"embeddable":true,"href":"https:\/\/nordesteimprensa.com.br\/index.php\/wp-json\/wp\/v2\/users\/6"}],"replies":[{"embeddable":true,"href":"https:\/\/nordesteimprensa.com.br\/index.php\/wp-json\/wp\/v2\/comments?post=7079"}],"version-history":[{"count":1,"href":"https:\/\/nordesteimprensa.com.br\/index.php\/wp-json\/wp\/v2\/posts\/7079\/revisions"}],"predecessor-version":[{"id":7081,"href":"https:\/\/nordesteimprensa.com.br\/index.php\/wp-json\/wp\/v2\/posts\/7079\/revisions\/7081"}],"wp:featuredmedia":[{"embeddable":true,"href":"https:\/\/nordesteimprensa.com.br\/index.php\/wp-json\/wp\/v2\/media\/7080"}],"wp:attachment":[{"href":"https:\/\/nordesteimprensa.com.br\/index.php\/wp-json\/wp\/v2\/media?parent=7079"}],"wp:term":[{"taxonomy":"category","embeddable":true,"href":"https:\/\/nordesteimprensa.com.br\/index.php\/wp-json\/wp\/v2\/categories?post=7079"},{"taxonomy":"post_tag","embeddable":true,"href":"https:\/\/nordesteimprensa.com.br\/index.php\/wp-json\/wp\/v2\/tags?post=7079"}],"curies":[{"name":"wp","href":"https:\/\/api.w.org\/{rel}","templated":true}]}}