{"id":7083,"date":"2025-04-02T11:06:25","date_gmt":"2025-04-02T14:06:25","guid":{"rendered":"https:\/\/nordesteimprensa.com.br\/?p=7083"},"modified":"2025-04-02T11:06:25","modified_gmt":"2025-04-02T14:06:25","slug":"operacao-senior-policia-desarticula-grupo-que-aplicava-golpe-em-aposentados","status":"publish","type":"post","link":"https:\/\/nordesteimprensa.com.br\/index.php\/2025\/04\/02\/operacao-senior-policia-desarticula-grupo-que-aplicava-golpe-em-aposentados\/","title":{"rendered":"Opera\u00e7\u00e3o S\u00eanior: Pol\u00edcia desarticula grupo que aplicava golpe em aposentados"},"content":{"rendered":"\n<p>Na manh\u00e3 desta quarta-feira (2), a Delegacia Regional de Est\u00e2ncia deflagrou a Opera\u00e7\u00e3o S\u00eanior, com o objetivo de desarticular um grupo criminoso respons\u00e1vel por aplicar golpes de estelionato contra idosos do munic\u00edpio. A a\u00e7\u00e3o, realizada pela Pol\u00edcia Civil, resultou no cumprimento de tr\u00eas mandados de pris\u00e3o preventiva e um mandado de busca e apreens\u00e3o em um escrit\u00f3rio de uma empresa suspeita de envolvimento nos crimes. O preju\u00edzo causado \u00e0s v\u00edtimas ultrapassa os R$ 25 mil.<\/p>\n\n\n\n<p>A opera\u00e7\u00e3o foi desencadeada ap\u00f3s diversos idosos registrarem boletins de ocorr\u00eancia na Delegacia Regional de Est\u00e2ncia, relatando que estavam sendo abordados por representantes de uma empresa de propriedade de uma mulher. Os criminosos ofereciam condi\u00e7\u00f5es vantajosas para a contrata\u00e7\u00e3o de empr\u00e9stimos consignados, mas, ap\u00f3s aceitarem as propostas, os aposentados e pensionistas acabavam sendo v\u00edtimas de estelionato.<\/p>\n\n\n\n<p>De acordo com o delegado Renato Tavares, respons\u00e1vel pela investiga\u00e7\u00e3o, a empresa atuava de forma fraudulenta, captando aposentados e pensionistas do INSS com falsas promessas e, em muitos casos, induzindo as v\u00edtimas a fornecerem dados banc\u00e1rios e senhas. Os criminosos realizavam visitas domiciliares para formalizar a contrata\u00e7\u00e3o dos empr\u00e9stimos e, em seguida, apropriavam-se indevidamente dos valores, transferindo-os para contas de funcion\u00e1rios e pessoas ligadas ao grupo.<\/p>\n\n\n\n<p>As investiga\u00e7\u00f5es tamb\u00e9m revelaram que as v\u00edtimas eram acompanhadas at\u00e9 caixas eletr\u00f4nicos ou lot\u00e9ricas para realizar saques e, posteriormente, levadas de volta ao escrit\u00f3rio da empresa. Nesse local, as criminosas informavam aos idosos sobre uma suposta &#8220;taxa de comiss\u00e3o&#8221; pelos servi\u00e7os prestados, o que configurava mais uma fraude, j\u00e1 que esse tipo de cobran\u00e7a deve ser feita pelas institui\u00e7\u00f5es banc\u00e1rias, e n\u00e3o pelos clientes.<\/p>\n\n\n\n<p>Al\u00e9m da cobran\u00e7a indevida, as investigadas usavam os dados banc\u00e1rios e senhas fornecidas pelas v\u00edtimas para realizar transa\u00e7\u00f5es financeiras fraudulentas, o que agravou ainda mais o preju\u00edzo das v\u00edtimas.<\/p>\n\n\n\n<p>Com o avan\u00e7o das investiga\u00e7\u00f5es, foi poss\u00edvel identificar que os crimes causaram um impacto financeiro significativo para os idosos, com o montante de R$ 25 mil subtra\u00eddo. As v\u00edtimas, al\u00e9m de enfrentarem perdas financeiras, passaram a sofrer dificuldades no pagamento das parcelas dos empr\u00e9stimos, que eram descontadas diretamente de suas aposentadorias ou pens\u00f5es.<\/p>\n\n\n\n<p>A Pol\u00edcia Civil solicitou que outras poss\u00edveis v\u00edtimas do grupo criminoso procurem a delegacia para registrar boletins de ocorr\u00eancia. A corpora\u00e7\u00e3o tamb\u00e9m pede que qualquer informa\u00e7\u00e3o sobre os crimes e os suspeitos seja repassada pelo Disque-Den\u00fancia, atrav\u00e9s do telefone 181. O sigilo \u00e9 garantido.<\/p>\n\n\n\n<p>A Opera\u00e7\u00e3o S\u00eanior refor\u00e7a a import\u00e2ncia da den\u00fancia para o combate a esse tipo de crime, que visa explorar a vulnerabilidade de idosos, causando danos tanto financeiros quanto emocionais.<br><\/p>\n\n\n\n<p>Fonte: Itnet<\/p>\n","protected":false},"excerpt":{"rendered":"<p>Na manh\u00e3 desta quarta-feira (2), a Delegacia Regional de Est\u00e2ncia deflagrou a Opera\u00e7\u00e3o S\u00eanior, com o objetivo de desarticular um grupo criminoso respons\u00e1vel por aplicar golpes de estelionato contra idosos do munic\u00edpio. A a\u00e7\u00e3o, realizada pela Pol\u00edcia Civil, resultou no cumprimento de tr\u00eas mandados de pris\u00e3o preventiva e um mandado de busca e apreens\u00e3o em [&hellip;]<\/p>\n","protected":false},"author":6,"featured_media":7084,"comment_status":"open","ping_status":"open","sticky":false,"template":"","format":"standard","meta":{"footnotes":""},"categories":[10],"tags":[],"class_list":{"0":"post-7083","1":"post","2":"type-post","3":"status-publish","4":"format-standard","5":"has-post-thumbnail","7":"category-theme-features"},"_links":{"self":[{"href":"https:\/\/nordesteimprensa.com.br\/index.php\/wp-json\/wp\/v2\/posts\/7083","targetHints":{"allow":["GET"]}}],"collection":[{"href":"https:\/\/nordesteimprensa.com.br\/index.php\/wp-json\/wp\/v2\/posts"}],"about":[{"href":"https:\/\/nordesteimprensa.com.br\/index.php\/wp-json\/wp\/v2\/types\/post"}],"author":[{"embeddable":true,"href":"https:\/\/nordesteimprensa.com.br\/index.php\/wp-json\/wp\/v2\/users\/6"}],"replies":[{"embeddable":true,"href":"https:\/\/nordesteimprensa.com.br\/index.php\/wp-json\/wp\/v2\/comments?post=7083"}],"version-history":[{"count":1,"href":"https:\/\/nordesteimprensa.com.br\/index.php\/wp-json\/wp\/v2\/posts\/7083\/revisions"}],"predecessor-version":[{"id":7085,"href":"https:\/\/nordesteimprensa.com.br\/index.php\/wp-json\/wp\/v2\/posts\/7083\/revisions\/7085"}],"wp:featuredmedia":[{"embeddable":true,"href":"https:\/\/nordesteimprensa.com.br\/index.php\/wp-json\/wp\/v2\/media\/7084"}],"wp:attachment":[{"href":"https:\/\/nordesteimprensa.com.br\/index.php\/wp-json\/wp\/v2\/media?parent=7083"}],"wp:term":[{"taxonomy":"category","embeddable":true,"href":"https:\/\/nordesteimprensa.com.br\/index.php\/wp-json\/wp\/v2\/categories?post=7083"},{"taxonomy":"post_tag","embeddable":true,"href":"https:\/\/nordesteimprensa.com.br\/index.php\/wp-json\/wp\/v2\/tags?post=7083"}],"curies":[{"name":"wp","href":"https:\/\/api.w.org\/{rel}","templated":true}]}}