{"id":7086,"date":"2025-04-02T16:25:54","date_gmt":"2025-04-02T19:25:54","guid":{"rendered":"https:\/\/nordesteimprensa.com.br\/?p=7086"},"modified":"2025-04-02T16:25:55","modified_gmt":"2025-04-02T19:25:55","slug":"sao-domingos-sediara-44a-edicao-do-programa-sergipe-e-aqui-na-proxima-sexta","status":"publish","type":"post","link":"https:\/\/nordesteimprensa.com.br\/index.php\/2025\/04\/02\/sao-domingos-sediara-44a-edicao-do-programa-sergipe-e-aqui-na-proxima-sexta\/","title":{"rendered":"S\u00e3o Domingos sediar\u00e1 44\u00aa edi\u00e7\u00e3o do programa \u2018Sergipe \u00e9 aqui\u2019 na pr\u00f3xima sexta"},"content":{"rendered":"\n<p>O munic\u00edpio de S\u00e3o Domingos sediar\u00e1 na pr\u00f3xima sexta-feira, 4, a 44\u00aa edi\u00e7\u00e3o do programa itinerante do Governo do Estado, \u2018Sergipe \u00e9 aqui\u2019. A estrutura estar\u00e1 montada no entorno do Centro de Excel\u00eancia Emeliano Ribeiro e na sede da prefeitura, a partir das 8h.<\/p>\n\n\n\n<p>Ser\u00e3o ofertados atendimentos como emiss\u00e3o de documentos, incluindo CPF, RG e IDJovem; exames m\u00e9dicos realizados pelas carretas do Homem e da Mulher; orienta\u00e7\u00f5es jur\u00eddicas; castram\u00f3vel para animais dom\u00e9sticos; atualiza\u00e7\u00e3o vacinal; testes r\u00e1pidos para HIV\/Aids, s\u00edfilis e hepatites B e C.<\/p>\n\n\n\n<p>Tamb\u00e9m ser\u00e3o realizados servi\u00e7os voltados para seguran\u00e7a alimentar, encaminhamento para vagas de emprego, inscri\u00e7\u00f5es em cursos de qualifica\u00e7\u00e3o profissional e orienta\u00e7\u00f5es sobre o Cad\u00danico.<\/p>\n\n\n\n<p>O programa busca aproximar ainda mais o governo da popula\u00e7\u00e3o, facilitando o acesso aos servi\u00e7os essenciais e promovendo cidadania.<\/p>\n","protected":false},"excerpt":{"rendered":"<p>O munic\u00edpio de S\u00e3o Domingos sediar\u00e1 na pr\u00f3xima sexta-feira, 4, a 44\u00aa edi\u00e7\u00e3o do programa itinerante do Governo do Estado, \u2018Sergipe \u00e9 aqui\u2019. A estrutura estar\u00e1 montada no entorno do Centro de Excel\u00eancia Emeliano Ribeiro e na sede da prefeitura, a partir das 8h. Ser\u00e3o ofertados atendimentos como emiss\u00e3o de documentos, incluindo CPF, RG e [&hellip;]<\/p>\n","protected":false},"author":6,"featured_media":7087,"comment_status":"open","ping_status":"open","sticky":false,"template":"","format":"standard","meta":{"footnotes":""},"categories":[10],"tags":[],"class_list":{"0":"post-7086","1":"post","2":"type-post","3":"status-publish","4":"format-standard","5":"has-post-thumbnail","7":"category-theme-features"},"_links":{"self":[{"href":"https:\/\/nordesteimprensa.com.br\/index.php\/wp-json\/wp\/v2\/posts\/7086","targetHints":{"allow":["GET"]}}],"collection":[{"href":"https:\/\/nordesteimprensa.com.br\/index.php\/wp-json\/wp\/v2\/posts"}],"about":[{"href":"https:\/\/nordesteimprensa.com.br\/index.php\/wp-json\/wp\/v2\/types\/post"}],"author":[{"embeddable":true,"href":"https:\/\/nordesteimprensa.com.br\/index.php\/wp-json\/wp\/v2\/users\/6"}],"replies":[{"embeddable":true,"href":"https:\/\/nordesteimprensa.com.br\/index.php\/wp-json\/wp\/v2\/comments?post=7086"}],"version-history":[{"count":1,"href":"https:\/\/nordesteimprensa.com.br\/index.php\/wp-json\/wp\/v2\/posts\/7086\/revisions"}],"predecessor-version":[{"id":7088,"href":"https:\/\/nordesteimprensa.com.br\/index.php\/wp-json\/wp\/v2\/posts\/7086\/revisions\/7088"}],"wp:featuredmedia":[{"embeddable":true,"href":"https:\/\/nordesteimprensa.com.br\/index.php\/wp-json\/wp\/v2\/media\/7087"}],"wp:attachment":[{"href":"https:\/\/nordesteimprensa.com.br\/index.php\/wp-json\/wp\/v2\/media?parent=7086"}],"wp:term":[{"taxonomy":"category","embeddable":true,"href":"https:\/\/nordesteimprensa.com.br\/index.php\/wp-json\/wp\/v2\/categories?post=7086"},{"taxonomy":"post_tag","embeddable":true,"href":"https:\/\/nordesteimprensa.com.br\/index.php\/wp-json\/wp\/v2\/tags?post=7086"}],"curies":[{"name":"wp","href":"https:\/\/api.w.org\/{rel}","templated":true}]}}