{"id":7092,"date":"2025-04-03T21:16:56","date_gmt":"2025-04-04T00:16:56","guid":{"rendered":"https:\/\/nordesteimprensa.com.br\/?p=7092"},"modified":"2025-04-03T21:16:56","modified_gmt":"2025-04-04T00:16:56","slug":"sergipe-se-torna-palco-do-surfe-brasileiro-com-o-abais-surf-festival","status":"publish","type":"post","link":"https:\/\/nordesteimprensa.com.br\/index.php\/2025\/04\/03\/sergipe-se-torna-palco-do-surfe-brasileiro-com-o-abais-surf-festival\/","title":{"rendered":"sergipe se torna palco do surfe brasileiro com o Aba\u00eds Surf Festival"},"content":{"rendered":"\n<p>partir da pr\u00f3xima segunda-feira (7), at\u00e9 o domingo (13), as \u00e1guas da Praia do Aba\u00eds, em Est\u00e2ncia (SE) ser\u00e3o palco de muita emo\u00e7\u00e3o e disputas no surfe. \u00c9 que se inicia o Aba\u00eds Surf Festival, que contemplar\u00e1 a 2\u00aa etapa do CBSurf Master Tour, Longboard e SUP Surf 2025.<\/p>\n\n\n\n<p><a href=\"https:\/\/imagens.f5news.com.br\/arquivos\/2025\/04\/abais-surf-festival-_96661743684062.jpeg\"><\/a>Arthur Leite<\/p>\n\n\n\n<p>Participar\u00e3o da competi\u00e7\u00e3o mais de 200 atletas, incluindo campe\u00f5es mundiais, nacionais e \u00eddolos do esporte. \u00c9 a primeira vez que o evento acontece no Aba\u00eds. Ao todo, ser\u00e1 distribu\u00edda uma premia\u00e7\u00e3o total de R$ 210 mil (R$ 70 mil por categoria).<\/p>\n\n\n\n<p>A etapa de Est\u00e2ncia chega logo ap\u00f3s o sucesso da abertura do circuito em Saquarema (RJ). Com o ritmo intenso de competi\u00e7\u00e3o, os atletas chegam a Sergipe motivados para consolidar a lideran\u00e7a ou buscar reabilita\u00e7\u00e3o no ranking.&nbsp;<\/p>\n\n\n\n<p>Entre os destaques, est\u00e3o o cearense F\u00e1bio Silva, integrante da elite mundial de 1997, que venceu a categoria Master 50+ em Saquarema, e a pernambucana Atalanta Batista, campe\u00e3 brasileira e sul-americana, que busca melhorar seu desempenho nesta etapa.<\/p>\n\n\n\n<p>A Praia do Aba\u00eds oferece condi\u00e7\u00f5es ideais para a realiza\u00e7\u00e3o do evento, com infraestrutura preparada para receber atletas e p\u00fablico. A competi\u00e7\u00e3o ser\u00e1 transmitida ao vivo pelo canal CBSurfPLAY no YouTube e no site oficial da CBSurf, al\u00e9m de cobertura pelo Instagram @cbsurfoficial e @esporte.sergipe.<\/p>\n\n\n\n<p>O evento conta com o apoio do Governo do Estado de Sergipe, por meio da Secretaria de Estado do Esporte e Lazer (SEEL), em parceria com a Prefeitura Municipal de Est\u00e2ncia.&nbsp;<\/p>\n\n\n\n<p>&#8220;Receber uma etapa do CBSurf Master Tour, Longboard e SUP Surf \u00e9 uma grande conquista para Sergipe, valorizando nossos atletas, incentivando a pr\u00e1tica esportiva e movimentando a economia local\u201d, destaca a secret\u00e1ria de Estado do Esporte e Lazer, Mariana Dantas.<\/p>\n\n\n\n<p>Fonte: F5news<\/p>\n","protected":false},"excerpt":{"rendered":"<p>partir da pr\u00f3xima segunda-feira (7), at\u00e9 o domingo (13), as \u00e1guas da Praia do Aba\u00eds, em Est\u00e2ncia (SE) ser\u00e3o palco de muita emo\u00e7\u00e3o e disputas no surfe. \u00c9 que se inicia o Aba\u00eds Surf Festival, que contemplar\u00e1 a 2\u00aa etapa do CBSurf Master Tour, Longboard e SUP Surf 2025. Arthur Leite Participar\u00e3o da competi\u00e7\u00e3o mais [&hellip;]<\/p>\n","protected":false},"author":6,"featured_media":7093,"comment_status":"open","ping_status":"open","sticky":false,"template":"","format":"standard","meta":{"footnotes":""},"categories":[10],"tags":[],"class_list":{"0":"post-7092","1":"post","2":"type-post","3":"status-publish","4":"format-standard","5":"has-post-thumbnail","7":"category-theme-features"},"_links":{"self":[{"href":"https:\/\/nordesteimprensa.com.br\/index.php\/wp-json\/wp\/v2\/posts\/7092","targetHints":{"allow":["GET"]}}],"collection":[{"href":"https:\/\/nordesteimprensa.com.br\/index.php\/wp-json\/wp\/v2\/posts"}],"about":[{"href":"https:\/\/nordesteimprensa.com.br\/index.php\/wp-json\/wp\/v2\/types\/post"}],"author":[{"embeddable":true,"href":"https:\/\/nordesteimprensa.com.br\/index.php\/wp-json\/wp\/v2\/users\/6"}],"replies":[{"embeddable":true,"href":"https:\/\/nordesteimprensa.com.br\/index.php\/wp-json\/wp\/v2\/comments?post=7092"}],"version-history":[{"count":1,"href":"https:\/\/nordesteimprensa.com.br\/index.php\/wp-json\/wp\/v2\/posts\/7092\/revisions"}],"predecessor-version":[{"id":7094,"href":"https:\/\/nordesteimprensa.com.br\/index.php\/wp-json\/wp\/v2\/posts\/7092\/revisions\/7094"}],"wp:featuredmedia":[{"embeddable":true,"href":"https:\/\/nordesteimprensa.com.br\/index.php\/wp-json\/wp\/v2\/media\/7093"}],"wp:attachment":[{"href":"https:\/\/nordesteimprensa.com.br\/index.php\/wp-json\/wp\/v2\/media?parent=7092"}],"wp:term":[{"taxonomy":"category","embeddable":true,"href":"https:\/\/nordesteimprensa.com.br\/index.php\/wp-json\/wp\/v2\/categories?post=7092"},{"taxonomy":"post_tag","embeddable":true,"href":"https:\/\/nordesteimprensa.com.br\/index.php\/wp-json\/wp\/v2\/tags?post=7092"}],"curies":[{"name":"wp","href":"https:\/\/api.w.org\/{rel}","templated":true}]}}