{"id":8207,"date":"2025-10-07T16:19:10","date_gmt":"2025-10-07T19:19:10","guid":{"rendered":"https:\/\/nordesteimprensa.com.br\/?p=8207"},"modified":"2025-10-07T16:59:39","modified_gmt":"2025-10-07T19:59:39","slug":"governo-fabio-ja-chegou-a-marca-de-80-obras-na-educacao","status":"publish","type":"post","link":"https:\/\/nordesteimprensa.com.br\/index.php\/2025\/10\/07\/governo-fabio-ja-chegou-a-marca-de-80-obras-na-educacao\/","title":{"rendered":"Governo F\u00e1bio j\u00e1 chegou \u00e0 marca de 80 obras na educa\u00e7\u00e3o"},"content":{"rendered":"\n<p>O governo de F\u00e1bio Mitidieri (PSD) j\u00e1 atingiu o marco de 80 obras conclu\u00eddas ou entregues na \u00e1rea da educa\u00e7\u00e3o em Sergipe, entre 2023 e 2025, consolidando um dos maiores programas de infraestrutura escolar estadual dos \u00faltimos anos.<\/p>\n\n\n\n<p>Entre os destaques, mais de 33 escolas reformadas e 47 quadras poliesportivas j\u00e1 foram conclu\u00eddas nesse per\u00edodo. O investimento acumulado ultrapassa os R$ 180,6 milh\u00f5es em obras educacionais estaduais.<\/p>\n\n\n\n<p>Na \u00faltima sexta-feira, 3, por exemplo, o governador entregou novas obras nos munic\u00edpios de Itabaiana e Lagarto, somando mais de R$ 4,6 milh\u00f5es investidos nessa a\u00e7\u00e3o espec\u00edfica. Em Itabaiana, foi entregue a quadra de esportes com vesti\u00e1rios e a climatiza\u00e7\u00e3o do Centro de Excel\u00eancia Dr. Augusto C\u00e9sar Leite. J\u00e1 em Lagarto, foi inaugurada a nova sede da Diretoria Regional de Educa\u00e7\u00e3o (DRE-02) e a quadra do Col\u00e9gio Estadual Luiz Alves de Oliveira no povoado Col\u00f4nia 13.<\/p>\n\n\n\n<p>Al\u00e9m disso, em abril de 2025, o governador autorizou ordens de servi\u00e7o para a constru\u00e7\u00e3o de 10 creches e duas novas escolas estaduais em Sergipe, compondo parceria com o governo federal por meio do PAC e do programa estadual Ameei.<\/p>\n\n\n\n<p>Segundo a Secretaria de Educa\u00e7\u00e3o, o programa Sinta o Clima j\u00e1 climatizou mais de 220 escolas da rede estadual, com meta de alcan\u00e7ar 318 unidades estaduais at\u00e9 2026.<\/p>\n\n\n\n<p>Com esse ritmo de entregas, o governo projeta consolidar uma rede educacional mais moderna, funcional e igualit\u00e1ria em todo o estado, fortalecendo a base para a melhoria do ensino p\u00fablico em Sergipe.<\/p>\n","protected":false},"excerpt":{"rendered":"<p>O governo de F\u00e1bio Mitidieri (PSD) j\u00e1 atingiu o marco de 80 obras conclu\u00eddas ou entregues na \u00e1rea da educa\u00e7\u00e3o em Sergipe, entre 2023 e 2025, consolidando um dos maiores programas de infraestrutura escolar estadual dos \u00faltimos anos. Entre os destaques, mais de 33 escolas reformadas e 47 quadras poliesportivas j\u00e1 foram conclu\u00eddas nesse per\u00edodo. [&hellip;]<\/p>\n","protected":false},"author":6,"featured_media":8212,"comment_status":"open","ping_status":"open","sticky":false,"template":"","format":"standard","meta":{"footnotes":""},"categories":[10],"tags":[],"class_list":{"0":"post-8207","1":"post","2":"type-post","3":"status-publish","4":"format-standard","5":"has-post-thumbnail","7":"category-theme-features"},"_links":{"self":[{"href":"https:\/\/nordesteimprensa.com.br\/index.php\/wp-json\/wp\/v2\/posts\/8207","targetHints":{"allow":["GET"]}}],"collection":[{"href":"https:\/\/nordesteimprensa.com.br\/index.php\/wp-json\/wp\/v2\/posts"}],"about":[{"href":"https:\/\/nordesteimprensa.com.br\/index.php\/wp-json\/wp\/v2\/types\/post"}],"author":[{"embeddable":true,"href":"https:\/\/nordesteimprensa.com.br\/index.php\/wp-json\/wp\/v2\/users\/6"}],"replies":[{"embeddable":true,"href":"https:\/\/nordesteimprensa.com.br\/index.php\/wp-json\/wp\/v2\/comments?post=8207"}],"version-history":[{"count":1,"href":"https:\/\/nordesteimprensa.com.br\/index.php\/wp-json\/wp\/v2\/posts\/8207\/revisions"}],"predecessor-version":[{"id":8209,"href":"https:\/\/nordesteimprensa.com.br\/index.php\/wp-json\/wp\/v2\/posts\/8207\/revisions\/8209"}],"wp:featuredmedia":[{"embeddable":true,"href":"https:\/\/nordesteimprensa.com.br\/index.php\/wp-json\/wp\/v2\/media\/8212"}],"wp:attachment":[{"href":"https:\/\/nordesteimprensa.com.br\/index.php\/wp-json\/wp\/v2\/media?parent=8207"}],"wp:term":[{"taxonomy":"category","embeddable":true,"href":"https:\/\/nordesteimprensa.com.br\/index.php\/wp-json\/wp\/v2\/categories?post=8207"},{"taxonomy":"post_tag","embeddable":true,"href":"https:\/\/nordesteimprensa.com.br\/index.php\/wp-json\/wp\/v2\/tags?post=8207"}],"curies":[{"name":"wp","href":"https:\/\/api.w.org\/{rel}","templated":true}]}}