{"id":8218,"date":"2025-10-08T17:45:32","date_gmt":"2025-10-08T20:45:32","guid":{"rendered":"https:\/\/nordesteimprensa.com.br\/?p=8218"},"modified":"2025-10-08T17:45:32","modified_gmt":"2025-10-08T20:45:32","slug":"governo-de-sergipe-transforma-vila-da-crianca-2025-em-espaco-de-diversao-cultura-e-empreendedorismo","status":"publish","type":"post","link":"https:\/\/nordesteimprensa.com.br\/index.php\/2025\/10\/08\/governo-de-sergipe-transforma-vila-da-crianca-2025-em-espaco-de-diversao-cultura-e-empreendedorismo\/","title":{"rendered":"Governo de Sergipe transforma Vila da Crian\u00e7a 2025 em espa\u00e7o de divers\u00e3o, cultura e empreendedorismo"},"content":{"rendered":"\n<p><em>Evento gratuito na Orla da Atalaia celebra o m\u00eas das crian\u00e7as com ampla estrutura, atra\u00e7\u00f5es in\u00e9ditas e oportunidades de gera\u00e7\u00e3o de renda para empreendedores locais<\/em><\/p>\n\n\n\n<p>A magia est\u00e1 de volta \u00e0 Orla da Atalaia. Depois do sucesso da estreia em 2024, a Vila da Crian\u00e7a 2025 iniciou a segunda edi\u00e7\u00e3o para encantar fam\u00edlias inteiras e celebrar o direito de ser crian\u00e7a em grande estilo. At\u00e9 o dia 26 de outubro, das 17h \u00e0s 22h, a Pra\u00e7a de Eventos na Orla da Atalaia, em Aracaju, se transforma em um espa\u00e7o de sonho, brincadeira e aprendizado, com acesso totalmente gratuito.<\/p>\n\n\n\n<p>O Governo de Sergipe preparou uma estrutura completa que mistura lazer, inclus\u00e3o e cultura. A Vila da Crian\u00e7a oferece cinema, teatro, arena gamer, minicidade, Aqua Nave, brinquedos infl\u00e1veis, roda-gigante, casas tem\u00e1ticas, cama el\u00e1stica e brinquedos com acessibilidade. No Dia das Crian\u00e7as, 12 de outubro, acontece o tradicional bloquinho infantil que promete colorir a orla com muita alegria e m\u00fasica, saindo do Mundo da Crian\u00e7a at\u00e9 a Pra\u00e7a de Eventos.<\/p>\n\n\n\n<p>A Vila da Crian\u00e7a tem impacto positivo na economia sergipana. Nesta edi\u00e7\u00e3o, 68 ambulantes e 20 empreendedores da economia solid\u00e1ria e do artesanato participam do evento, movimentando renda e divulgando o talento local.<\/p>\n\n\n\n<p>A empreendedora Andreia Gomes, que comercializa biscoitos caseiros, comemora os primeiros lucros. \u201cAcho muito boa essa oportunidade, porque o p\u00fablico pode conhecer meu trabalho e garanto minha renda\u201d, comemorou.<\/p>\n\n\n\n<p>A turista carioca Kelly Marques destacou a beleza e estrutura do evento. \u201cA ideia de apoiar empreendedores grandes e pequenos \u00e9 muito legal. Com eventos assim eles conseguem divulgar os produtos e levar a outros lugares, uma iniciativa muito interessante\u201d, avaliou.<\/p>\n\n\n\n<p>Estrutura acess\u00edvel e acolhedora<\/p>\n\n\n\n<p>O evento foi planejado para acolher todos os p\u00fablicos. O cinema climatizado, com capacidade para 80 pessoas, exibe curtas gratuitos em sess\u00f5es di\u00e1rias \u00e0s 18h, 18h30, 19h, 19h30, 20h e 20h30, enquanto o teatro, com 130 lugares, apresenta duas pe\u00e7as por noite, \u00e0s 18h e 20h.<\/p>\n\n\n\n<p>A arena gamer retornou com fliperamas, computadores e \u00f3culos de realidade virtual, com acesso monitorado e seguro. J\u00e1 a sala multissensorial garante conforto e est\u00edmulo adequado para crian\u00e7as neurodivergentes, com acompanhamento individual e ambiente adaptado.<\/p>\n\n\n\n<p>Al\u00e9m disso, h\u00e1 espa\u00e7os de amamenta\u00e7\u00e3o, frald\u00e1rio, \u00e1reas de descanso e pontos de apoio de \u00f3rg\u00e3os p\u00fablicos como Servi\u00e7o de Atendimento M\u00e9dico de Urg\u00eancia (Samu), Secretaria de Estado da Assist\u00eancia Social, Inclus\u00e3o e Cidadania (Seasic) e Conselho Tutelar, assegurando o bem-estar de todos.<\/p>\n\n\n\n<p>Para o professor universit\u00e1rio Marco Ferreira, pai de duas meninas, a Vila da Crian\u00e7a \u00e9 uma prova de que pol\u00edticas p\u00fablicas podem transformar o cotidiano das fam\u00edlias. \u201cA Vila da Crian\u00e7a est\u00e1 bem-organizada e \u00e9 interessante observar que a maioria das atra\u00e7\u00f5es \u00e9 gratuita. Isso demonstra a preocupa\u00e7\u00e3o do Governo do Estado em oferecer op\u00e7\u00f5es de entretenimento, movimentar a economia e investir em qualidade de vida, o que considero fundamental\u201d, declarou.<\/p>\n\n\n\n<p>Realiza\u00e7\u00e3o<\/p>\n\n\n\n<p>A Vila da Crian\u00e7a 2025 \u00e9 uma realiza\u00e7\u00e3o do Governo do Estado de Sergipe, por meio da Funda\u00e7\u00e3o de Cultura e Arte Aperip\u00ea (Funcap), com o apoio da Netiz e Igu\u00e1, e patroc\u00ednio do Banese.<\/p>\n\n\n\n<figure class=\"wp-block-gallery has-nested-images columns-default is-cropped wp-block-gallery-1 is-layout-flex wp-block-gallery-is-layout-flex\">\n<figure class=\"wp-block-image size-large\"><img loading=\"lazy\" decoding=\"async\" width=\"1024\" height=\"681\" data-id=\"8219\" src=\"https:\/\/nordesteimprensa.com.br\/wp-content\/uploads\/2025\/10\/453f3e78-840e-43b1-973c-63e90dd99ecc-1024x681.jpeg\" alt=\"\" class=\"wp-image-8219\" srcset=\"https:\/\/nordesteimprensa.com.br\/wp-content\/uploads\/2025\/10\/453f3e78-840e-43b1-973c-63e90dd99ecc-1024x681.jpeg 1024w, https:\/\/nordesteimprensa.com.br\/wp-content\/uploads\/2025\/10\/453f3e78-840e-43b1-973c-63e90dd99ecc-300x200.jpeg 300w, https:\/\/nordesteimprensa.com.br\/wp-content\/uploads\/2025\/10\/453f3e78-840e-43b1-973c-63e90dd99ecc-768x511.jpeg 768w, https:\/\/nordesteimprensa.com.br\/wp-content\/uploads\/2025\/10\/453f3e78-840e-43b1-973c-63e90dd99ecc-1536x1021.jpeg 1536w, https:\/\/nordesteimprensa.com.br\/wp-content\/uploads\/2025\/10\/453f3e78-840e-43b1-973c-63e90dd99ecc-360x240.jpeg 360w, https:\/\/nordesteimprensa.com.br\/wp-content\/uploads\/2025\/10\/453f3e78-840e-43b1-973c-63e90dd99ecc-600x400.jpeg 600w, https:\/\/nordesteimprensa.com.br\/wp-content\/uploads\/2025\/10\/453f3e78-840e-43b1-973c-63e90dd99ecc.jpeg 1600w\" sizes=\"auto, (max-width: 1024px) 100vw, 1024px\" \/><\/figure>\n\n\n\n<figure class=\"wp-block-image size-large\"><img loading=\"lazy\" decoding=\"async\" width=\"1024\" height=\"681\" data-id=\"8220\" src=\"https:\/\/nordesteimprensa.com.br\/wp-content\/uploads\/2025\/10\/190ecd77-21b6-41f8-8520-d95bf551f5cc-1024x681.jpeg\" alt=\"\" class=\"wp-image-8220\" srcset=\"https:\/\/nordesteimprensa.com.br\/wp-content\/uploads\/2025\/10\/190ecd77-21b6-41f8-8520-d95bf551f5cc-1024x681.jpeg 1024w, https:\/\/nordesteimprensa.com.br\/wp-content\/uploads\/2025\/10\/190ecd77-21b6-41f8-8520-d95bf551f5cc-300x200.jpeg 300w, https:\/\/nordesteimprensa.com.br\/wp-content\/uploads\/2025\/10\/190ecd77-21b6-41f8-8520-d95bf551f5cc-768x511.jpeg 768w, https:\/\/nordesteimprensa.com.br\/wp-content\/uploads\/2025\/10\/190ecd77-21b6-41f8-8520-d95bf551f5cc-1536x1021.jpeg 1536w, https:\/\/nordesteimprensa.com.br\/wp-content\/uploads\/2025\/10\/190ecd77-21b6-41f8-8520-d95bf551f5cc-360x240.jpeg 360w, https:\/\/nordesteimprensa.com.br\/wp-content\/uploads\/2025\/10\/190ecd77-21b6-41f8-8520-d95bf551f5cc-600x400.jpeg 600w, https:\/\/nordesteimprensa.com.br\/wp-content\/uploads\/2025\/10\/190ecd77-21b6-41f8-8520-d95bf551f5cc.jpeg 1600w\" sizes=\"auto, (max-width: 1024px) 100vw, 1024px\" \/><\/figure>\n<\/figure>\n","protected":false},"excerpt":{"rendered":"<p>Evento gratuito na Orla da Atalaia celebra o m\u00eas das crian\u00e7as com ampla estrutura, atra\u00e7\u00f5es in\u00e9ditas e oportunidades de gera\u00e7\u00e3o de renda para empreendedores locais A magia est\u00e1 de volta \u00e0 Orla da Atalaia. Depois do sucesso da estreia em 2024, a Vila da Crian\u00e7a 2025 iniciou a segunda edi\u00e7\u00e3o para encantar fam\u00edlias inteiras e [&hellip;]<\/p>\n","protected":false},"author":6,"featured_media":8221,"comment_status":"open","ping_status":"open","sticky":false,"template":"","format":"standard","meta":{"footnotes":""},"categories":[10],"tags":[],"class_list":{"0":"post-8218","1":"post","2":"type-post","3":"status-publish","4":"format-standard","5":"has-post-thumbnail","7":"category-theme-features"},"_links":{"self":[{"href":"https:\/\/nordesteimprensa.com.br\/index.php\/wp-json\/wp\/v2\/posts\/8218","targetHints":{"allow":["GET"]}}],"collection":[{"href":"https:\/\/nordesteimprensa.com.br\/index.php\/wp-json\/wp\/v2\/posts"}],"about":[{"href":"https:\/\/nordesteimprensa.com.br\/index.php\/wp-json\/wp\/v2\/types\/post"}],"author":[{"embeddable":true,"href":"https:\/\/nordesteimprensa.com.br\/index.php\/wp-json\/wp\/v2\/users\/6"}],"replies":[{"embeddable":true,"href":"https:\/\/nordesteimprensa.com.br\/index.php\/wp-json\/wp\/v2\/comments?post=8218"}],"version-history":[{"count":1,"href":"https:\/\/nordesteimprensa.com.br\/index.php\/wp-json\/wp\/v2\/posts\/8218\/revisions"}],"predecessor-version":[{"id":8222,"href":"https:\/\/nordesteimprensa.com.br\/index.php\/wp-json\/wp\/v2\/posts\/8218\/revisions\/8222"}],"wp:featuredmedia":[{"embeddable":true,"href":"https:\/\/nordesteimprensa.com.br\/index.php\/wp-json\/wp\/v2\/media\/8221"}],"wp:attachment":[{"href":"https:\/\/nordesteimprensa.com.br\/index.php\/wp-json\/wp\/v2\/media?parent=8218"}],"wp:term":[{"taxonomy":"category","embeddable":true,"href":"https:\/\/nordesteimprensa.com.br\/index.php\/wp-json\/wp\/v2\/categories?post=8218"},{"taxonomy":"post_tag","embeddable":true,"href":"https:\/\/nordesteimprensa.com.br\/index.php\/wp-json\/wp\/v2\/tags?post=8218"}],"curies":[{"name":"wp","href":"https:\/\/api.w.org\/{rel}","templated":true}]}}