{"id":8223,"date":"2025-10-08T17:46:43","date_gmt":"2025-10-08T20:46:43","guid":{"rendered":"https:\/\/nordesteimprensa.com.br\/?p=8223"},"modified":"2025-10-08T17:46:44","modified_gmt":"2025-10-08T20:46:44","slug":"governo-de-sergipe-investe-em-acoes-para-garantir-acesso-a-agua-potavel","status":"publish","type":"post","link":"https:\/\/nordesteimprensa.com.br\/index.php\/2025\/10\/08\/governo-de-sergipe-investe-em-acoes-para-garantir-acesso-a-agua-potavel\/","title":{"rendered":"Governo de Sergipe investe em a\u00e7\u00f5es para garantir acesso a \u00e1gua pot\u00e1vel"},"content":{"rendered":"\n<p><em>Parceria entre gest\u00e3o estadual e Prefeitura de Po\u00e7o Verde transforma dia a dia de fam\u00edlias do campo<\/em><\/p>\n\n\n\n<p>Em Po\u00e7o Verde, no centro sul de Sergipe, a parceria entre o Governo do Estado e a Prefeitura est\u00e1 transformando o dia a dia de quem vive no campo. Desde o in\u00edcio de 2025, seis po\u00e7os e um dessalinizador foram revitalizados, garantindo o abastecimento de \u00e1gua de qualidade para cerca de mil fam\u00edlias da zona rural, fortalecendo a agricultura familiar e assegurando dignidade e sa\u00fade. As a\u00e7\u00f5es de manuten\u00e7\u00e3o e revitaliza\u00e7\u00e3o foram executadas pela Companhia de Desenvolvimento Regional de Sergipe (Coderse), vinculada \u00e0 Secretaria de Estado da Agricultura, Desenvolvimento Agr\u00e1rio e da Pesca (Seagri), com investimento de quase R$ 60 mil.<br>A iniciativa integra o Programa \u00c1gua Doce (PAD), coordenado pelo Governo Federal e executado, em Sergipe, pela Seagri e suas empresas vinculadas. Somente em Po\u00e7o Verde, o programa j\u00e1 implantou, desde 2023, dois novos sistemas com dessalinizadores, nos povoados Saco do Camisa e Barragem, com investimento superior a R$ 596 mil, beneficiando 240 fam\u00edlias com \u00e1gua pot\u00e1vel.<br>Mais do que n\u00fameros, s\u00e3o hist\u00f3rias de transforma\u00e7\u00e3o. No Povoado Cacimba Nova, a produtora rural Maria Alves Santana comemora a melhoria no sistema. \u201cA \u00e1gua \u00e9 de \u00f3tima qualidade, usamos para beber e cozinhar. \u00c9 essencial para a nossa vida\u201d, conta.<br>Os servi\u00e7os de revitaliza\u00e7\u00e3o feitos pela Coderse incluem limpeza, troca de bombas submersas, manuten\u00e7\u00e3o el\u00e9trica e testes de vaz\u00e3o &#8211; interven\u00e7\u00f5es que aumentam a vida \u00fatil dos po\u00e7os e garantem o pleno funcionamento dos sistemas. S\u00e3o a\u00e7\u00f5es que recuperam a capacidade de produ\u00e7\u00e3o de \u00e1gua dos po\u00e7os e asseguram o abastecimento das comunidades.<br>Jos\u00e9 Raimundo dos Santos \u00e9 operador e usu\u00e1rio da \u00e1gua dessalinizada do sistema de abastecimento do Programa \u00c1gua Doce no Povoado Recanto h\u00e1 20 anos. Ele bem sabe a import\u00e2ncia dos servi\u00e7os de manuten\u00e7\u00e3o e revitaliza\u00e7\u00e3o executados pelas equipes da Coderse. \u201cA gente sabe que a \u00e1gua suja pode danificar a bomba e diminuir a vida \u00fatil da m\u00e1quina. Aqui na redondeza todos consumimos essa \u00e1gua, por isso \u00e9 t\u00e3o importante esse servi\u00e7o\u201d, ressalta.<br>A parceria contou com o apoio log\u00edstico da Prefeitura de Po\u00e7o Verde, que cedeu equipamentos e acompanhou as a\u00e7\u00f5es de campo. A uni\u00e3o de esfor\u00e7os entre Estado e munic\u00edpio tem garantido resultados concretos e satisfa\u00e7\u00e3o da popula\u00e7\u00e3o.<\/p>\n\n\n\n<figure class=\"wp-block-gallery has-nested-images columns-default is-cropped wp-block-gallery-1 is-layout-flex wp-block-gallery-is-layout-flex\">\n<figure class=\"wp-block-image size-large\"><img loading=\"lazy\" decoding=\"async\" width=\"1024\" height=\"768\" data-id=\"8224\" src=\"https:\/\/nordesteimprensa.com.br\/wp-content\/uploads\/2025\/10\/17b76c92-8614-41b0-85b1-ed2b18c275da-1024x768.jpeg\" alt=\"\" class=\"wp-image-8224\" srcset=\"https:\/\/nordesteimprensa.com.br\/wp-content\/uploads\/2025\/10\/17b76c92-8614-41b0-85b1-ed2b18c275da-1024x768.jpeg 1024w, https:\/\/nordesteimprensa.com.br\/wp-content\/uploads\/2025\/10\/17b76c92-8614-41b0-85b1-ed2b18c275da-300x225.jpeg 300w, https:\/\/nordesteimprensa.com.br\/wp-content\/uploads\/2025\/10\/17b76c92-8614-41b0-85b1-ed2b18c275da-768x576.jpeg 768w, https:\/\/nordesteimprensa.com.br\/wp-content\/uploads\/2025\/10\/17b76c92-8614-41b0-85b1-ed2b18c275da-1536x1152.jpeg 1536w, https:\/\/nordesteimprensa.com.br\/wp-content\/uploads\/2025\/10\/17b76c92-8614-41b0-85b1-ed2b18c275da-80x60.jpeg 80w, https:\/\/nordesteimprensa.com.br\/wp-content\/uploads\/2025\/10\/17b76c92-8614-41b0-85b1-ed2b18c275da.jpeg 1600w\" sizes=\"auto, (max-width: 1024px) 100vw, 1024px\" \/><\/figure>\n\n\n\n<figure class=\"wp-block-image size-large\"><img loading=\"lazy\" decoding=\"async\" width=\"1024\" height=\"682\" data-id=\"8225\" src=\"https:\/\/nordesteimprensa.com.br\/wp-content\/uploads\/2025\/10\/1fc7d520-a1dd-4e3a-9459-462dcad47638-1024x682.jpeg\" alt=\"\" class=\"wp-image-8225\" srcset=\"https:\/\/nordesteimprensa.com.br\/wp-content\/uploads\/2025\/10\/1fc7d520-a1dd-4e3a-9459-462dcad47638-1024x682.jpeg 1024w, https:\/\/nordesteimprensa.com.br\/wp-content\/uploads\/2025\/10\/1fc7d520-a1dd-4e3a-9459-462dcad47638-300x200.jpeg 300w, https:\/\/nordesteimprensa.com.br\/wp-content\/uploads\/2025\/10\/1fc7d520-a1dd-4e3a-9459-462dcad47638-768x512.jpeg 768w, https:\/\/nordesteimprensa.com.br\/wp-content\/uploads\/2025\/10\/1fc7d520-a1dd-4e3a-9459-462dcad47638-1536x1023.jpeg 1536w, https:\/\/nordesteimprensa.com.br\/wp-content\/uploads\/2025\/10\/1fc7d520-a1dd-4e3a-9459-462dcad47638-360x240.jpeg 360w, https:\/\/nordesteimprensa.com.br\/wp-content\/uploads\/2025\/10\/1fc7d520-a1dd-4e3a-9459-462dcad47638-600x400.jpeg 600w, https:\/\/nordesteimprensa.com.br\/wp-content\/uploads\/2025\/10\/1fc7d520-a1dd-4e3a-9459-462dcad47638.jpeg 1600w\" sizes=\"auto, (max-width: 1024px) 100vw, 1024px\" \/><\/figure>\n<\/figure>\n","protected":false},"excerpt":{"rendered":"<p>Parceria entre gest\u00e3o estadual e Prefeitura de Po\u00e7o Verde transforma dia a dia de fam\u00edlias do campo Em Po\u00e7o Verde, no centro sul de Sergipe, a parceria entre o Governo do Estado e a Prefeitura est\u00e1 transformando o dia a dia de quem vive no campo. Desde o in\u00edcio de 2025, seis po\u00e7os e um [&hellip;]<\/p>\n","protected":false},"author":6,"featured_media":8226,"comment_status":"open","ping_status":"open","sticky":false,"template":"","format":"standard","meta":{"footnotes":""},"categories":[10],"tags":[],"class_list":{"0":"post-8223","1":"post","2":"type-post","3":"status-publish","4":"format-standard","5":"has-post-thumbnail","7":"category-theme-features"},"_links":{"self":[{"href":"https:\/\/nordesteimprensa.com.br\/index.php\/wp-json\/wp\/v2\/posts\/8223","targetHints":{"allow":["GET"]}}],"collection":[{"href":"https:\/\/nordesteimprensa.com.br\/index.php\/wp-json\/wp\/v2\/posts"}],"about":[{"href":"https:\/\/nordesteimprensa.com.br\/index.php\/wp-json\/wp\/v2\/types\/post"}],"author":[{"embeddable":true,"href":"https:\/\/nordesteimprensa.com.br\/index.php\/wp-json\/wp\/v2\/users\/6"}],"replies":[{"embeddable":true,"href":"https:\/\/nordesteimprensa.com.br\/index.php\/wp-json\/wp\/v2\/comments?post=8223"}],"version-history":[{"count":1,"href":"https:\/\/nordesteimprensa.com.br\/index.php\/wp-json\/wp\/v2\/posts\/8223\/revisions"}],"predecessor-version":[{"id":8227,"href":"https:\/\/nordesteimprensa.com.br\/index.php\/wp-json\/wp\/v2\/posts\/8223\/revisions\/8227"}],"wp:featuredmedia":[{"embeddable":true,"href":"https:\/\/nordesteimprensa.com.br\/index.php\/wp-json\/wp\/v2\/media\/8226"}],"wp:attachment":[{"href":"https:\/\/nordesteimprensa.com.br\/index.php\/wp-json\/wp\/v2\/media?parent=8223"}],"wp:term":[{"taxonomy":"category","embeddable":true,"href":"https:\/\/nordesteimprensa.com.br\/index.php\/wp-json\/wp\/v2\/categories?post=8223"},{"taxonomy":"post_tag","embeddable":true,"href":"https:\/\/nordesteimprensa.com.br\/index.php\/wp-json\/wp\/v2\/tags?post=8223"}],"curies":[{"name":"wp","href":"https:\/\/api.w.org\/{rel}","templated":true}]}}