{"id":8234,"date":"2025-10-09T11:09:20","date_gmt":"2025-10-09T14:09:20","guid":{"rendered":"https:\/\/nordesteimprensa.com.br\/?p=8234"},"modified":"2025-10-09T11:09:21","modified_gmt":"2025-10-09T14:09:21","slug":"justica-mantem-prisao-de-medico-suspeito-de-praticar-crimes-sexuais-contra-pacientes-em-sergipe","status":"publish","type":"post","link":"https:\/\/nordesteimprensa.com.br\/index.php\/2025\/10\/09\/justica-mantem-prisao-de-medico-suspeito-de-praticar-crimes-sexuais-contra-pacientes-em-sergipe\/","title":{"rendered":"Justi\u00e7a mant\u00e9m pris\u00e3o de m\u00e9dico suspeito de praticar crimes sexuais contra pacientes em Sergipe"},"content":{"rendered":"\n<p>Ap\u00f3s audi\u00eancia de cust\u00f3dia, realizada na manh\u00e3 desta quinta-feira (9), a Justi\u00e7a de Sergipe manteve a pris\u00e3o do m\u00e9dico endocrinologista, de 46 anos, suspeito de praticar crimes sexuais contra pacientes no estado.&nbsp;<\/p>\n\n\n\n<p>A\u00a0pris\u00e3o aconteceu na tarde dessa quarta (8), em uma cl\u00ednica no Centro de Aracaju.\u00a0Segundo a Pol\u00edcia Civil, as investiga\u00e7\u00f5es, iniciadas em abril deste ano, apontaram que o suspeito praticava\u00a0<strong>atos libidinosos contra pacientes homens durante atendimentos cl\u00ednicos,<\/strong>\u00a0sob a justificativa de que faziam parte do procedimento m\u00e9dico.\u00a0<\/p>\n\n\n\n<p>Ainda segundo a PC, durante a apura\u00e7\u00e3o, foram reunidos depoimentos consistentes, \u00e1udios e outros elementos de prova que embasaram o pedido judicial de pris\u00e3o preventiva. Ainda de acordo com a pol\u00edcia, as v\u00edtimas j\u00e1 foram ouvidas e o m\u00e9dico dever\u00e1 passar por audi\u00eancia de cust\u00f3dia na quinta-feira.&nbsp;<\/p>\n\n\n\n<h2 class=\"wp-block-heading\">O que diz a defesa<\/h2>\n\n\n\n<p>A defesa disse que discorda da decis\u00e3o e que ainda nesta quinta vai entrar com as medidas necess\u00e1rias para tentar revogar a pris\u00e3o.\u00a0<br><\/p>\n\n\n\n<p>Fonte: G1<\/p>\n","protected":false},"excerpt":{"rendered":"<p>Ap\u00f3s audi\u00eancia de cust\u00f3dia, realizada na manh\u00e3 desta quinta-feira (9), a Justi\u00e7a de Sergipe manteve a pris\u00e3o do m\u00e9dico endocrinologista, de 46 anos, suspeito de praticar crimes sexuais contra pacientes no estado.&nbsp; A\u00a0pris\u00e3o aconteceu na tarde dessa quarta (8), em uma cl\u00ednica no Centro de Aracaju.\u00a0Segundo a Pol\u00edcia Civil, as investiga\u00e7\u00f5es, iniciadas em abril deste [&hellip;]<\/p>\n","protected":false},"author":6,"featured_media":8235,"comment_status":"open","ping_status":"open","sticky":false,"template":"","format":"standard","meta":{"footnotes":""},"categories":[10],"tags":[],"class_list":{"0":"post-8234","1":"post","2":"type-post","3":"status-publish","4":"format-standard","5":"has-post-thumbnail","7":"category-theme-features"},"_links":{"self":[{"href":"https:\/\/nordesteimprensa.com.br\/index.php\/wp-json\/wp\/v2\/posts\/8234","targetHints":{"allow":["GET"]}}],"collection":[{"href":"https:\/\/nordesteimprensa.com.br\/index.php\/wp-json\/wp\/v2\/posts"}],"about":[{"href":"https:\/\/nordesteimprensa.com.br\/index.php\/wp-json\/wp\/v2\/types\/post"}],"author":[{"embeddable":true,"href":"https:\/\/nordesteimprensa.com.br\/index.php\/wp-json\/wp\/v2\/users\/6"}],"replies":[{"embeddable":true,"href":"https:\/\/nordesteimprensa.com.br\/index.php\/wp-json\/wp\/v2\/comments?post=8234"}],"version-history":[{"count":1,"href":"https:\/\/nordesteimprensa.com.br\/index.php\/wp-json\/wp\/v2\/posts\/8234\/revisions"}],"predecessor-version":[{"id":8236,"href":"https:\/\/nordesteimprensa.com.br\/index.php\/wp-json\/wp\/v2\/posts\/8234\/revisions\/8236"}],"wp:featuredmedia":[{"embeddable":true,"href":"https:\/\/nordesteimprensa.com.br\/index.php\/wp-json\/wp\/v2\/media\/8235"}],"wp:attachment":[{"href":"https:\/\/nordesteimprensa.com.br\/index.php\/wp-json\/wp\/v2\/media?parent=8234"}],"wp:term":[{"taxonomy":"category","embeddable":true,"href":"https:\/\/nordesteimprensa.com.br\/index.php\/wp-json\/wp\/v2\/categories?post=8234"},{"taxonomy":"post_tag","embeddable":true,"href":"https:\/\/nordesteimprensa.com.br\/index.php\/wp-json\/wp\/v2\/tags?post=8234"}],"curies":[{"name":"wp","href":"https:\/\/api.w.org\/{rel}","templated":true}]}}