{"id":8237,"date":"2025-10-09T17:11:22","date_gmt":"2025-10-09T20:11:22","guid":{"rendered":"https:\/\/nordesteimprensa.com.br\/?p=8237"},"modified":"2025-10-09T17:11:22","modified_gmt":"2025-10-09T20:11:22","slug":"articulacao-de-fabio-mitidieri-garante-retomada-do-terminal-pesqueiro-de-aracaju-ministro-anuncia-entrega-ate-dezembro","status":"publish","type":"post","link":"https:\/\/nordesteimprensa.com.br\/index.php\/2025\/10\/09\/articulacao-de-fabio-mitidieri-garante-retomada-do-terminal-pesqueiro-de-aracaju-ministro-anuncia-entrega-ate-dezembro\/","title":{"rendered":"Articula\u00e7\u00e3o de F\u00e1bio Mitidieri garante retomada do Terminal Pesqueiro de Aracaju; ministro anuncia entrega at\u00e9 dezembro"},"content":{"rendered":"\n<p>O governador F\u00e1bio Mitidieri (PSD) foi um dos principais articuladores respons\u00e1veis por destravar a retomada do Terminal Pesqueiro P\u00fablico de Aracaju, uma obra aguardada h\u00e1 mais de dez anos e que finalmente tem data para ser entregue.<\/p>\n\n\n\n<p>O an\u00fancio foi feito nesta quinta-feira, 9, pelo ministro da Pesca e Aquicultura, Andr\u00e9 de Paula, que confirmou que o terminal estar\u00e1 em pleno funcionamento at\u00e9 dezembro deste ano.<\/p>\n\n\n\n<p>Durante entrevista ao programa Balan\u00e7o Geral, o ministro revelou que foi procurado pessoalmente por F\u00e1bio, que apresentou a conclus\u00e3o da obra como prioridade absoluta para o Estado. \u201cA primeira visita que recebi do governador F\u00e1bio Mitidieri, ele foi para Bras\u00edlia, e o primeiro ministro que ele visitou foi a mim, at\u00e9 porque sou colega de partido. E ele disse: Andr\u00e9 quero um pedido s\u00f3, eu queria entregar aquele terminal pesqueiro. E eu assumi esse compromisso com ele\u201d, disse.<\/p>\n\n\n\n<p>Com as tratativas avan\u00e7adas, o terminal, localizado no Centro da capital sergipana, deve entrar em opera\u00e7\u00e3o ainda em 2025, beneficiando toda a cadeia produtiva da pesca e aquicultura.<\/p>\n","protected":false},"excerpt":{"rendered":"<p>O governador F\u00e1bio Mitidieri (PSD) foi um dos principais articuladores respons\u00e1veis por destravar a retomada do Terminal Pesqueiro P\u00fablico de Aracaju, uma obra aguardada h\u00e1 mais de dez anos e que finalmente tem data para ser entregue. O an\u00fancio foi feito nesta quinta-feira, 9, pelo ministro da Pesca e Aquicultura, Andr\u00e9 de Paula, que confirmou [&hellip;]<\/p>\n","protected":false},"author":6,"featured_media":8238,"comment_status":"open","ping_status":"open","sticky":false,"template":"","format":"standard","meta":{"footnotes":""},"categories":[10],"tags":[],"class_list":{"0":"post-8237","1":"post","2":"type-post","3":"status-publish","4":"format-standard","5":"has-post-thumbnail","7":"category-theme-features"},"_links":{"self":[{"href":"https:\/\/nordesteimprensa.com.br\/index.php\/wp-json\/wp\/v2\/posts\/8237","targetHints":{"allow":["GET"]}}],"collection":[{"href":"https:\/\/nordesteimprensa.com.br\/index.php\/wp-json\/wp\/v2\/posts"}],"about":[{"href":"https:\/\/nordesteimprensa.com.br\/index.php\/wp-json\/wp\/v2\/types\/post"}],"author":[{"embeddable":true,"href":"https:\/\/nordesteimprensa.com.br\/index.php\/wp-json\/wp\/v2\/users\/6"}],"replies":[{"embeddable":true,"href":"https:\/\/nordesteimprensa.com.br\/index.php\/wp-json\/wp\/v2\/comments?post=8237"}],"version-history":[{"count":1,"href":"https:\/\/nordesteimprensa.com.br\/index.php\/wp-json\/wp\/v2\/posts\/8237\/revisions"}],"predecessor-version":[{"id":8239,"href":"https:\/\/nordesteimprensa.com.br\/index.php\/wp-json\/wp\/v2\/posts\/8237\/revisions\/8239"}],"wp:featuredmedia":[{"embeddable":true,"href":"https:\/\/nordesteimprensa.com.br\/index.php\/wp-json\/wp\/v2\/media\/8238"}],"wp:attachment":[{"href":"https:\/\/nordesteimprensa.com.br\/index.php\/wp-json\/wp\/v2\/media?parent=8237"}],"wp:term":[{"taxonomy":"category","embeddable":true,"href":"https:\/\/nordesteimprensa.com.br\/index.php\/wp-json\/wp\/v2\/categories?post=8237"},{"taxonomy":"post_tag","embeddable":true,"href":"https:\/\/nordesteimprensa.com.br\/index.php\/wp-json\/wp\/v2\/tags?post=8237"}],"curies":[{"name":"wp","href":"https:\/\/api.w.org\/{rel}","templated":true}]}}