{"id":8242,"date":"2025-10-10T10:54:32","date_gmt":"2025-10-10T13:54:32","guid":{"rendered":"https:\/\/nordesteimprensa.com.br\/?p=8242"},"modified":"2025-10-10T10:54:32","modified_gmt":"2025-10-10T13:54:32","slug":"cavalo-e-encontrado-morto-com-sinais-de-pauladas-e-facadas-em-sao-cristovao","status":"publish","type":"post","link":"https:\/\/nordesteimprensa.com.br\/index.php\/2025\/10\/10\/cavalo-e-encontrado-morto-com-sinais-de-pauladas-e-facadas-em-sao-cristovao\/","title":{"rendered":"Cavalo \u00e9 encontrado morto com sinais de pauladas e facadas em S\u00e3o Crist\u00f3v\u00e3o"},"content":{"rendered":"\n<p>Um cavalo foi encontrado morto na tarde desta quinta-feira (9), com sinais de agress\u00f5es de pauladas e facadas, no Povoado Recreio dos Passarinhos, no munic\u00edpio de S\u00e3o Crist\u00f3v\u00e3o.<\/p>\n\n\n\n<p>A Pol\u00edcia Civil esteve no local, acompanhada da Pol\u00edcia Cient\u00edfica, para realizar a per\u00edcia e dar in\u00edcio \u00e0 investiga\u00e7\u00e3o. O principal suspeito do crime \u00e9 o pr\u00f3prio dono do animal, que est\u00e1 sendo procurado pelas autoridades.<\/p>\n\n\n\n<p>De acordo com relatos de moradores da regi\u00e3o, o cavalo teria sido brutalmente agredido com pauladas e facadas. Al\u00e9m disso, o animal estava com as patas amarradas e uma delas apresentava um corte profundo.<\/p>\n\n\n\n<p>Fonte: A8se<\/p>\n","protected":false},"excerpt":{"rendered":"<p>Um cavalo foi encontrado morto na tarde desta quinta-feira (9), com sinais de agress\u00f5es de pauladas e facadas, no Povoado Recreio dos Passarinhos, no munic\u00edpio de S\u00e3o Crist\u00f3v\u00e3o. A Pol\u00edcia Civil esteve no local, acompanhada da Pol\u00edcia Cient\u00edfica, para realizar a per\u00edcia e dar in\u00edcio \u00e0 investiga\u00e7\u00e3o. O principal suspeito do crime \u00e9 o pr\u00f3prio [&hellip;]<\/p>\n","protected":false},"author":6,"featured_media":8243,"comment_status":"open","ping_status":"open","sticky":false,"template":"","format":"standard","meta":{"footnotes":""},"categories":[10],"tags":[],"class_list":{"0":"post-8242","1":"post","2":"type-post","3":"status-publish","4":"format-standard","5":"has-post-thumbnail","7":"category-theme-features"},"_links":{"self":[{"href":"https:\/\/nordesteimprensa.com.br\/index.php\/wp-json\/wp\/v2\/posts\/8242","targetHints":{"allow":["GET"]}}],"collection":[{"href":"https:\/\/nordesteimprensa.com.br\/index.php\/wp-json\/wp\/v2\/posts"}],"about":[{"href":"https:\/\/nordesteimprensa.com.br\/index.php\/wp-json\/wp\/v2\/types\/post"}],"author":[{"embeddable":true,"href":"https:\/\/nordesteimprensa.com.br\/index.php\/wp-json\/wp\/v2\/users\/6"}],"replies":[{"embeddable":true,"href":"https:\/\/nordesteimprensa.com.br\/index.php\/wp-json\/wp\/v2\/comments?post=8242"}],"version-history":[{"count":1,"href":"https:\/\/nordesteimprensa.com.br\/index.php\/wp-json\/wp\/v2\/posts\/8242\/revisions"}],"predecessor-version":[{"id":8244,"href":"https:\/\/nordesteimprensa.com.br\/index.php\/wp-json\/wp\/v2\/posts\/8242\/revisions\/8244"}],"wp:featuredmedia":[{"embeddable":true,"href":"https:\/\/nordesteimprensa.com.br\/index.php\/wp-json\/wp\/v2\/media\/8243"}],"wp:attachment":[{"href":"https:\/\/nordesteimprensa.com.br\/index.php\/wp-json\/wp\/v2\/media?parent=8242"}],"wp:term":[{"taxonomy":"category","embeddable":true,"href":"https:\/\/nordesteimprensa.com.br\/index.php\/wp-json\/wp\/v2\/categories?post=8242"},{"taxonomy":"post_tag","embeddable":true,"href":"https:\/\/nordesteimprensa.com.br\/index.php\/wp-json\/wp\/v2\/tags?post=8242"}],"curies":[{"name":"wp","href":"https:\/\/api.w.org\/{rel}","templated":true}]}}