{"id":838,"date":"2020-08-20T10:38:29","date_gmt":"2020-08-20T13:38:29","guid":{"rendered":"http:\/\/nordesteimprensa.com.br\/?p=838"},"modified":"2020-08-20T10:38:31","modified_gmt":"2020-08-20T13:38:31","slug":"centro-de-produtos-artesanais-do-maranhao-reabre-para-visitacao-em-sao-luis","status":"publish","type":"post","link":"https:\/\/nordesteimprensa.com.br\/index.php\/2020\/08\/20\/centro-de-produtos-artesanais-do-maranhao-reabre-para-visitacao-em-sao-luis\/","title":{"rendered":"Centro de produtos artesanais do Maranh\u00e3o reabre para visita\u00e7\u00e3o em S\u00e3o Lu\u00eds"},"content":{"rendered":"\n<p>O Centro de Comercializa\u00e7\u00e3o de Produtos Artesanais do Maranh\u00e3o (Ceprama) retoma gradualmente as atividades de atendimento ao p\u00fablico a partir desta quarta-feira (1\u00ba), em hor\u00e1rio reduzido, das 9h \u00e0s 13h.<\/p>\n\n\n\n<p>Conforme \u00faltimo decreto editado pelo Governo do Estado, que estabelece regras para retomada do com\u00e9rcio, o Ceprama, por meio da Secretaria de Estado do Turismo (Setur), estabeleceu os protocolos m\u00ednimos para garantir a retomada das atividades presenciais administrativas e de comercializa\u00e7\u00e3o de produtos artesanais.<\/p>\n\n\n\n<p>Como forma de garantir e atender as medidas necess\u00e1rias para a preven\u00e7\u00e3o do cont\u00e1gio pelo coronav\u00edrus, dever\u00e3o ser respeitados todos os cuidados e exig\u00eancias das normas de Sa\u00fade P\u00fablica por artes\u00e3os e funcion\u00e1rios, tais como: o uso de m\u00e1scara e \u00e1lcool em gel e medi\u00e7\u00e3o da temperatura corporal.<\/p>\n\n\n\n<p>No decorrer do m\u00eas de julho, um novo protocolo de preven\u00e7\u00e3o ser\u00e1 adotado para um retorno gradual e seguro das atividades presenciais.<\/p>\n\n\n\n<figure class=\"wp-block-image\"><img decoding=\"async\" src=\"https:\/\/s2.glbimg.com\/nOQ7oX2qbdGc-aWtRpN8TMpW5PU=\/0x0:1080x566\/984x0\/smart\/filters:strip_icc()\/i.s3.glbimg.com\/v1\/AUTH_59edd422c0c84a879bd37670ae4f538a\/internal_photos\/bs\/2020\/T\/p\/Ajab8TT9WoXXbtnw8bIA\/101647664-298492557846794-7736883691170139197-n.jpg\" alt=\"Centro de produtos artesanais do Maranh\u00e3o reabre para visita\u00e7\u00e3o em S\u00e3o Lu\u00eds \u2014 Foto: Divulga\u00e7\u00e3o\"\/><\/figure>\n\n\n\n<p>Centro de produtos artesanais do Maranh\u00e3o reabre para visita\u00e7\u00e3o em S\u00e3o Lu\u00eds \u2014 Foto: Divulga\u00e7\u00e3o<\/p>\n\n\n\n<h2 class=\"wp-block-heading\">Ceprama<\/h2>\n\n\n\n<p>Conhecido como a vitrine do artesanato maranhense, o Ceprama funciona em um casar\u00e3o de aproximadamente 3 mil m\u00b2, nas antigas instala\u00e7\u00f5es da Companhia de Fia\u00e7\u00e3o e Tecelagem de C\u00e2nhamo. O local serve ainda de palco para apresenta\u00e7\u00f5es art\u00edsticas e eventos, al\u00e9m de atrair turistas de v\u00e1rias partes do mundo durante o ano inteiro, em busca da riqueza e diversidade das pe\u00e7as encontradas no local. No centro \u00e9 poss\u00edvel encontrar produtos de todas as regi\u00f5es do Estado, as pe\u00e7as dos 38 artes\u00e3os representam diversas tipologias como a renda de bilro.<\/p>\n\n\n\n<p>Entre as mat\u00e9rias-primas expostas est\u00e3o artigos como cer\u00e2mica, azulejos, madeira, algod\u00e3o, couro, madeira, argila, reciclados, sementes e at\u00e9 fibras de plantas, abrangendo todo o artesanato que a criatividade nordestina pode realizar. A mais comum \u00e9 a palha do buriti, de onde se extrai uma fibra vers\u00e1til e resistente que d\u00e1 origem a dezenas de pe\u00e7as comercializadas no centro de artesanato.<\/p>\n\n\n\n<p>O Centro de Artesanato se tornou refer\u00eancia no apoio e escoamento da produ\u00e7\u00e3o de artesanato de dezenas de munic\u00edpios do estado. Al\u00e9m de abrigar tamb\u00e9m o \u00fanico ponto de apoio do Programa de Artesanato Brasileiro (PAB) no estado, onde \u00e9 poss\u00edvel solicitar a Carteira Nacional do Artes\u00e3o. O Ceprama abriga a superintend\u00eancia de artesanato do Maranh\u00e3o, que tamb\u00e9m auxilia as pol\u00edticas do PAB. O objetivo \u00e9 promover o desenvolvimento integrado do setor artesanal e valorizar o artes\u00e3o, elevando seu n\u00edvel cultural, profissional, social e econ\u00f4mico.<\/p>\n\n\n\n<p>A Carteira Nacional do Artes\u00e3o \u00e9 um importante instrumento que permite o acesso dos trabalhadores artes\u00e3os a cursos de capacita\u00e7\u00e3o, feiras e eventos apoiados pelo PAB. A carteira \u00e9 gratuita e emitida ap\u00f3s o registro no Sistema de Informa\u00e7\u00f5es Cadastrais do Artesanato Brasileiro (SICAB).<\/p>\n\n\n\n<p>Para confirma\u00e7\u00e3o do registro, o artes\u00e3o passar\u00e1 por uma prova de habilidades t\u00e9cnicas, sob responsabilidade da superintend\u00eancia ligada \u00e0 Setur. O artes\u00e3o interessado em saber mais informa\u00e7\u00f5es pode se dirigir ao Ceprama, localizado na Rua de S\u00e3o Pantale\u00e3o, n\u00b0 1332, Madre Deus, Centro, ao lado do Hospital Geral.<\/p>\n","protected":false},"excerpt":{"rendered":"<p>O Centro de Comercializa\u00e7\u00e3o de Produtos Artesanais do Maranh\u00e3o (Ceprama) retoma gradualmente as atividades de atendimento ao p\u00fablico a partir desta quarta-feira (1\u00ba), em hor\u00e1rio reduzido, das 9h \u00e0s 13h. Conforme \u00faltimo decreto editado pelo Governo do Estado, que estabelece regras para retomada do com\u00e9rcio, o Ceprama, por meio da Secretaria de Estado do Turismo [&hellip;]<\/p>\n","protected":false},"author":1,"featured_media":839,"comment_status":"open","ping_status":"open","sticky":false,"template":"","format":"standard","meta":{"footnotes":""},"categories":[40],"tags":[],"class_list":{"0":"post-838","1":"post","2":"type-post","3":"status-publish","4":"format-standard","5":"has-post-thumbnail","7":"category-cidadania"},"_links":{"self":[{"href":"https:\/\/nordesteimprensa.com.br\/index.php\/wp-json\/wp\/v2\/posts\/838","targetHints":{"allow":["GET"]}}],"collection":[{"href":"https:\/\/nordesteimprensa.com.br\/index.php\/wp-json\/wp\/v2\/posts"}],"about":[{"href":"https:\/\/nordesteimprensa.com.br\/index.php\/wp-json\/wp\/v2\/types\/post"}],"author":[{"embeddable":true,"href":"https:\/\/nordesteimprensa.com.br\/index.php\/wp-json\/wp\/v2\/users\/1"}],"replies":[{"embeddable":true,"href":"https:\/\/nordesteimprensa.com.br\/index.php\/wp-json\/wp\/v2\/comments?post=838"}],"version-history":[{"count":1,"href":"https:\/\/nordesteimprensa.com.br\/index.php\/wp-json\/wp\/v2\/posts\/838\/revisions"}],"predecessor-version":[{"id":840,"href":"https:\/\/nordesteimprensa.com.br\/index.php\/wp-json\/wp\/v2\/posts\/838\/revisions\/840"}],"wp:featuredmedia":[{"embeddable":true,"href":"https:\/\/nordesteimprensa.com.br\/index.php\/wp-json\/wp\/v2\/media\/839"}],"wp:attachment":[{"href":"https:\/\/nordesteimprensa.com.br\/index.php\/wp-json\/wp\/v2\/media?parent=838"}],"wp:term":[{"taxonomy":"category","embeddable":true,"href":"https:\/\/nordesteimprensa.com.br\/index.php\/wp-json\/wp\/v2\/categories?post=838"},{"taxonomy":"post_tag","embeddable":true,"href":"https:\/\/nordesteimprensa.com.br\/index.php\/wp-json\/wp\/v2\/tags?post=838"}],"curies":[{"name":"wp","href":"https:\/\/api.w.org\/{rel}","templated":true}]}}