{"id":841,"date":"2020-08-20T10:39:35","date_gmt":"2020-08-20T13:39:35","guid":{"rendered":"http:\/\/nordesteimprensa.com.br\/?p=841"},"modified":"2020-08-20T10:39:37","modified_gmt":"2020-08-20T13:39:37","slug":"artista-plastico-e-ilustrador-apresenta-exposicao-em-sao-luis","status":"publish","type":"post","link":"https:\/\/nordesteimprensa.com.br\/index.php\/2020\/08\/20\/artista-plastico-e-ilustrador-apresenta-exposicao-em-sao-luis\/","title":{"rendered":"Artista pl\u00e1stico e ilustrador apresenta exposi\u00e7\u00e3o em S\u00e3o Lu\u00eds"},"content":{"rendered":"\n<p>O trabalho do artista pl\u00e1stico e ilustrador Almir Valente est\u00e1 em exposi\u00e7\u00e3o, at\u00e9 o pr\u00f3ximo dia 30 de agosto, no Centro Cultural do Minist\u00e9rio P\u00fablico do Maranh\u00e3o, no Centro de S\u00e3o Lu\u00eds. A retrospectiva \u201cPo\u00e9tica do tempo e da mem\u00f3ria\u201d apresenta tr\u00eas projetos de exposi\u00e7\u00f5es de artes visuais.<\/p>\n\n\n\n<p>No primeiro, o projeto de ilustra\u00e7\u00e3o intitulado &#8220;Penal&#8221;, tem-se quatro desenhos com temas na \u00e1rea jur\u00eddica, em que \u00e9 utilizada a t\u00e9cnica conhecida como bico de pena. O segundo, denominado &#8220;Po\u00e9tica do tempo&#8221;, re\u00fane tr\u00eas pinturas, em acr\u00edlica sobre tela, que abordam a tem\u00e1tica do tempo.<\/p>\n\n\n\n<p>O \u00faltimo projeto, &#8220;Devir da poltrona&#8221;, que teve in\u00edcio em 1991, traz tr\u00eas obras com t\u00e9cnicas diferentes (bico de pena sobre entretela; acr\u00edlica sobre cart\u00e3o-duplex e impress\u00e3o sobre madeira).<\/p>\n\n\n\n<h2 class=\"wp-block-heading\">Exposi\u00e7\u00f5es gravadas<\/h2>\n\n\n\n<p>De acordo com a curadoria do Centro Cultural, como o espa\u00e7o ainda se encontra fechado ao p\u00fablico devido \u00e0 pandemia do novo coronav\u00edrus, as exposi\u00e7\u00f5es foram filmadas, com depoimentos dos artistas. Alguns document\u00e1rios est\u00e3o em elabora\u00e7\u00e3o e ser\u00e3o veiculados em redes sociais para suprir a lacuna decorrente da suspens\u00e3o das visita\u00e7\u00f5es.<\/p>\n\n\n\n<h2 class=\"wp-block-heading\">O Artista<\/h2>\n\n\n\n<p>Almir Valente \u00e9 artista pl\u00e1stico e ilustrador, com 10 exposi\u00e7\u00f5es individuais e 25 coletivas realizadas em Belo Horizonte, no estado de Minas Gerais, S\u00e3o Lu\u00eds, Bras\u00edlia, no Distrito Federal, S\u00e3o Paulo e Londres, na Inglaterra. Tem publica\u00e7\u00f5es em livros, revistas, ilustra\u00e7\u00e3o de livros, ensaios e teses, destacando-se a publica\u00e7\u00e3o do livro &#8220;A Imagem na Idade M\u00eddia: media\u00e7\u00f5es na imagem e o popular contempor\u00e2neo&#8221; e do artigo &#8220;O \u00eaxtase de Santa Teresa&#8221;, 2010 (Revisa Pindorama, IFBA). Com gradua\u00e7\u00e3o em Belas Artes, pela Universidade Federal de Minas Gerais, Almir Valente possui mestrado em Arte: Po\u00e9ticas Contempor\u00e2neas pela Universidade de Bras\u00edlia (UnB\/DF, 2007) e doutorado em Comunica\u00e7\u00e3o e Semi\u00f3tica (PUC\/SP, 2016).<\/p>\n\n\n\n<p>\u00c9 professor de Artes Visuais do Instituto Federal de Educa\u00e7\u00e3o, Ci\u00eancia e Tecnologia do Maranh\u00e3o (Ifma). O artista \u00e9 respons\u00e1vel pela curadoria do acervo do Museu de Artes Visuais de S\u00e3o Lu\u00eds.<\/p>\n","protected":false},"excerpt":{"rendered":"<p>O trabalho do artista pl\u00e1stico e ilustrador Almir Valente est\u00e1 em exposi\u00e7\u00e3o, at\u00e9 o pr\u00f3ximo dia 30 de agosto, no Centro Cultural do Minist\u00e9rio P\u00fablico do Maranh\u00e3o, no Centro de S\u00e3o Lu\u00eds. A retrospectiva \u201cPo\u00e9tica do tempo e da mem\u00f3ria\u201d apresenta tr\u00eas projetos de exposi\u00e7\u00f5es de artes visuais. No primeiro, o projeto de ilustra\u00e7\u00e3o intitulado [&hellip;]<\/p>\n","protected":false},"author":1,"featured_media":842,"comment_status":"open","ping_status":"open","sticky":false,"template":"","format":"standard","meta":{"footnotes":""},"categories":[40],"tags":[],"class_list":{"0":"post-841","1":"post","2":"type-post","3":"status-publish","4":"format-standard","5":"has-post-thumbnail","7":"category-cidadania"},"_links":{"self":[{"href":"https:\/\/nordesteimprensa.com.br\/index.php\/wp-json\/wp\/v2\/posts\/841","targetHints":{"allow":["GET"]}}],"collection":[{"href":"https:\/\/nordesteimprensa.com.br\/index.php\/wp-json\/wp\/v2\/posts"}],"about":[{"href":"https:\/\/nordesteimprensa.com.br\/index.php\/wp-json\/wp\/v2\/types\/post"}],"author":[{"embeddable":true,"href":"https:\/\/nordesteimprensa.com.br\/index.php\/wp-json\/wp\/v2\/users\/1"}],"replies":[{"embeddable":true,"href":"https:\/\/nordesteimprensa.com.br\/index.php\/wp-json\/wp\/v2\/comments?post=841"}],"version-history":[{"count":1,"href":"https:\/\/nordesteimprensa.com.br\/index.php\/wp-json\/wp\/v2\/posts\/841\/revisions"}],"predecessor-version":[{"id":843,"href":"https:\/\/nordesteimprensa.com.br\/index.php\/wp-json\/wp\/v2\/posts\/841\/revisions\/843"}],"wp:featuredmedia":[{"embeddable":true,"href":"https:\/\/nordesteimprensa.com.br\/index.php\/wp-json\/wp\/v2\/media\/842"}],"wp:attachment":[{"href":"https:\/\/nordesteimprensa.com.br\/index.php\/wp-json\/wp\/v2\/media?parent=841"}],"wp:term":[{"taxonomy":"category","embeddable":true,"href":"https:\/\/nordesteimprensa.com.br\/index.php\/wp-json\/wp\/v2\/categories?post=841"},{"taxonomy":"post_tag","embeddable":true,"href":"https:\/\/nordesteimprensa.com.br\/index.php\/wp-json\/wp\/v2\/tags?post=841"}],"curies":[{"name":"wp","href":"https:\/\/api.w.org\/{rel}","templated":true}]}}